{"provider_url": "https://www.crissiumal.rs.leg.br", "title": "A C\u00e2mara", "html": "<p style=\"text-align: justify; \"><strong>O PODER LEGISLATIVO MUNICIPAL (C\u00e2mara de Vereadores)</strong></p>\r\n<p style=\"text-align: justify; \">Alcan\u00e7ada a emancipa\u00e7\u00e3o pol\u00edtico-administrativa pela <strong>Lei Estadual n\u00ba 2.553, de 18 de dezembro de 1954</strong>, a Justi\u00e7a Eleitoral fixou o dia 20 de fevereiro de 1955 para elei\u00e7\u00e3o da <strong>PRIMEIRA LEGISLATURA</strong> empossada a 28 de fevereiro de 1955, composta pelos seguintes titulares: (em ordem alfab\u00e9tica pelo prenome):\u00a0<strong><em><span>Alcido Brust \u2013 PTB; Ign\u00e1cio Scheid \u2013 PRP; Jo\u00e3o Alfredo Em\u00edlio Franck \u2013 PRP;\u00a0</span><span>Jo\u00e3o Roos \u2013 PDS; Lindolfo Pedro Ames \u2013 PDS; Pedro Osvaldo Scheid \u2013 PRP, e Zeno G. Etges \u2013 PTB.</span></em></strong></p>\r\n<p style=\"text-align: justify; \"><strong><em><span></span></em></strong><span>Esta legislatura teve apenas um mandato de 10 meses durante os quais votou a 1\u00aa Lei Org\u00e2nica Municipal.</span></p>\r\n<p style=\"text-align: justify; \">Em 15 de novembro de 1955, houve elei\u00e7\u00e3o para a <strong>SEGUNDA LEGISLATURA</strong>\u00a0constitu\u00edda por sete titulares: <strong><em>Alcido Brust \u2013 PTB, Ant\u00f4nio Kappes \u2013 PRP, Em\u00edlio Jaeger \u2013 PSD, Jofre Meister Sebasti\u00e3o \u2013 PSD, Pedro Osvaldo Scheid \u2013 PRP, Rudi Gruhn \u2013 PTB e Ruty Feix \u2013 PRP.</em></strong></p>\r\n<p style=\"text-align: justify; \">Em 08 de novembro de 1959 foi eleita a <strong>TERCEIRA LEGISLATURA</strong> composta pelos seguintes t\u00edtulares: <strong><em>Antenor Ellias da Motta \u2013 PTB, C\u00e2ndido Pedroso de Oliveira \u2013 PTB, Egon Theophilo Heinsch \u2013 PRP, Ivo Neumann \u2013 PTB, Lauro Pedro Thomas \u2013 PSD, Pedro Osvaldo Scheid \u2013 PRP, Theo Laufer \u2013 PSD.</em></strong></p>\r\n<p style=\"text-align: justify; \">A <strong>QUARTA LEGISLATURA</strong> foi eleita em 10 de novembro de 1963 assim constitu\u00edda: <strong><em>Alcido Brust \u2013 PTB, Benno Bender \u2013 PSD, Dary Schroeder \u2013 PSD, Jos\u00e9 Avrela Cancian \u2013 PTB, Pedro Osvaldo Scheid \u2013 PRP e Primo Kuhn \u2013 PSD.</em></strong></p>\r\n<p style=\"text-align: justify; \">A <strong>QUINTA LEGISLATURA</strong>, composta s\u00f3 por arenistas foi a seguinte: <strong><em>Arno Ebeling, Benno Bender, Francisco Sapegiennski, Jo\u00e3o Armindo Sch\u00e4fer, Lindolfo Gothilf Schmid, Pedro Osvaldo Scheid e Romaldo Renner.</em></strong> O MDB (Movimento Democr\u00e1tico Brasileiro) n\u00e3o apresentou candidatos em protesto de n\u00e3o ser eleito o Prefeito Municipal. Nesta elei\u00e7\u00e3o de 15 de novembro de 1968 houve 908 votos em branco e 515 nulos perfazendo um total de 1.423 votos.</p>\r\n<p style=\"text-align: justify; \">A 15 de novembro de 1972, na elei\u00e7\u00e3o municipal, de novo s\u00f3 houve elei\u00e7\u00e3o para o poder legislativo, pois CRISSIUMAL continuava inclu\u00edda na \u00e1rea de seguran\u00e7a nacional, sendo o detentor do poder executivo nomeado, entre arenistas, pelo Presidente da Rep\u00fablica. Para a <strong>SEXTA LEGISLATURA</strong> foram eleitos, num total de nove vereadores:<strong><em> Arnildo Aloisio Haas \u2013 MDB, Arno Ebeling \u2013 ARENA, D\u00e9rcio Schmidt \u2013 MDB, Elbio Alcides Hinterholz \u2013 ARENA, H\u00f3norio Ferreira Canabarro \u2013 MDB, Irineu Luiz Zigiotto \u2013 MDB, Jo\u00e3o Armindo Sch\u00e4fer \u2013 ARENA, Ruthy Feix \u2013 ARENA e Waldemar Tormes \u2013 ARENA.</em></strong></p>\r\n<p style=\"text-align: justify; \">A <strong>S\u00c9TIMA LEGISLATURA</strong> foi eleita em 15 de novembro de 1976 com a participa\u00e7\u00e3o do MDB. Os nove titulares eleitos foram: <em><strong>Arnildo Aloisio Haas \u2013 MDB, Dario de Deus \u2013 ARENA, Erna Maria Engster \u2013 ARENA, Jo\u00e3o Armindo Sch\u00e4fer \u2013 ARENA, Jos\u00e9 Raymundo Pletsch \u2013 MDB, Luiz de Rosso \u2013 MDB, Osvino David \u2013 ARENA, Rudy Ign\u00e1cio Maldaner \u2013 MDB e Ruy Carlos Beck \u2013 ARENA</strong></em>. Os vereadores desta legislatura tiveram seus mandatos prorrogados por dois anos para que houvesse coincid\u00eancia com elei\u00e7\u00f5es para Deputados e Senadores.</p>\r\n<p style=\"text-align: justify; \">A <strong>OITAVA LEGISLATURA</strong> foi empossada em 31 de janeiro de 1983 e era composta por onze titulares quando j\u00e1 foi restabelecido o pluripartidarismo: <strong><em>Arnildo Aloisio Haas \u2013 PMDB, Benno Bender \u2013 PMDB, Dario de Deus \u2013 PDS, Erica Zobel de Deus \u2013 PDS, Erna Maria Engster \u2013 PDS, Henrique Ebeling \u2013 PMDB, Luiz de Rosso \u2013 PDT, Pedro Harry Hoffmann \u2013 PDS, Rudy Ign\u00e1cio Maldaner \u2013 PDT, Silv\u00e9rio Dorst \u2013 PDS e Waldemar Tormes \u2013 PSD.</em></strong></p>\r\n<p style=\"text-align: justify; \">A<strong> NONA LEGISLATURA</strong> iniciou em 31.01.1989 com os seguintes titulares: <strong><em>Alberi Vargas de Mellos \u2013 PDT, Alv\u00edcio Pereira Duarte \u2013 PDS, Arceno Closs \u2013 PDS, Arlindo Becker \u2013 PMDB, Atilio Jos\u00e9 Donini \u2013 PDT, Carlito de Lima Martins \u2013 PDT, Erna Maria Engster PDS, Ilvo Jac\u00f3 Hentges \u2013 PDS, Jos\u00e9 Ernani Gregory \u2013 PMDB, Norton Zobel \u2013 PMDB e Rudy Ign\u00e1cio Maldaner \u2013 PDT.</em></strong></p>\r\n<p style=\"text-align: justify; \">Ocuparam o cargo de presidente do Legislativo Municipal, desde 1955, os seguintes Vereadores: <strong><em>Alcido Brust, Pedro Ovaldo Scheid, Egon T. Heinsch, Jos\u00e9 A. Cancian, H\u00e9lio Drebes, Arno Ebeling, Jo\u00e3o Armindo Schaefer, Rudy Ign\u00e1cio Maldaner, Osvino David, Rui Carlos Beck, Dario de Deus, Pedro Harry Hoffman, Erna Maria Engester, Valdemar Tormes, Arnildo Aloisio Haas, Silverio Dorst, Atilio Jos\u00e9 Donini, Jos\u00e9 Ernani Gregory, Alberi Vargas de Mellos e Norton Zobel.</em></strong></p>\r\n<p style=\"text-align: justify; \"><strong><br /></strong></p>\r\n<p style=\"text-align: justify; \"><strong>HIST\u00d3RIA POL\u00cdTICO-PARTID\u00c1RIA</strong></p>\r\n<p class=\" \" style=\"text-align: justify; \"><span>Os primeiros anos de povoamento de Crissiumal coincidiram com o Estado Novo, per\u00edodo de 10.11.1934 a 23.10.1945, durante o qual n\u00e3o houve elei\u00e7\u00e3o para nenhum n\u00edvel.</span></p>\r\n<p class=\" \" style=\"text-align: justify; \"><span></span><span>Ap\u00f3s a deposi\u00e7\u00e3o de Get\u00falio Vargas, em 03 de outubro de 1946 houve elei\u00e7\u00f5es gerais. Foram consagrados nas urnas pelos eleitores do distrito de Crissiumal: pelo Partido Social Democr\u00e1tico (PSD): Luciano Machado e Odalgiro Correia; pelo Partido Trabalhista Brasileira (PTB): Un\u00edrio Machado e pelo Partido de Representa\u00e7\u00e3o Popular (PR): Afonso Anschau, Wolfram Metzler e Nestor Pereira.</span></p>\r\n<p style=\"text-align: justify; \">Na elei\u00e7\u00e3o de 1958, para Deputado Federal obtiveram significativa vota\u00e7\u00e3o: pelo PSD: Nestor Jost, Odalgiro Correia e Willy Fr\u00f6hlich; peloPRP: Alberto Hoffmann e Nestor Pereira; pelo PL (Partido Libertador): Raul Pilae Luc\u00eddio Ramos; pelo PTB: C\u00e9sar Prietto, Fernando Ferrari e Wilson Vargas e pela UND (Uni\u00e3o Democr\u00e1tica Nacional): Vitor Graeff e Alcides J\u00fanior. Ap\u00f3s o golpe de 1964 n\u00e3o houve elei\u00e7\u00e3o para Presidente da Rep\u00fablica at\u00e9 o ano de 1989.</p>\r\n<p style=\"text-align: justify; \">A elei\u00e7\u00e3o de 1970 teve o seguinte resultado (s\u00f3 constam os candidatos mais votados pertencentes a duas agremia\u00e7\u00f5es partid\u00e1rias: ARENA \u2013 Alian\u00e7a Renovadora Nacional e MDB \u2013 Movimento Democr\u00e1tico Brasileiro).</p>\r\n<p><span><strong>SINOPSE HIST\u00d3RICA DOS PARTIDOS POL\u00cdTICOS EM CRISSIUMAL \u2013 RS</strong></span></p>\r\n<p><span>Uma das caracter\u00edsticas na hist\u00f3ria dos partidos pol\u00edticos no mun\u00edcipio de Crissiumal \u00e9 a BIPOLARIZA\u00c7\u00c3O, embora funcionem mais de dois partidos pol\u00edticos.</span></p>\r\n<p>Outra caracter\u00edstica \u00e9 que o eleitor, dificilmente, troque de partido na escolha de seu candidato a n\u00edvel municipal.</p>\r\n<p style=\"text-align: justify; \">1 \u2013 1954-1964 \u2013\u00a0Com a emancipa\u00e7\u00e3o pol\u00edtica organizaram-se tr\u00eas partidos: PSD ( Partido Social Democr\u00e1tico), PTB (Partido Trabalhista Brasileiro) e PRP (Partido de Representa\u00e7\u00e3o Popular): o PRP, neste per\u00edodo, foi o fiel da balan\u00e7a nas elei\u00e7\u00f5es municipais. Apoiava, conforme as conveni\u00eancias, o PSD ou o PTB.</p>\r\n<p style=\"text-align: justify; \">2 \u2013 1964-1984 \u2013\u00a0Foi um per\u00edodo at\u00edpico, com o funcionamento, inicialmente, s\u00f3 com a ARENA (alian\u00e7a Renovadora Nacional), surgindo, s\u00f3 mais tarde o MDB (Movimento Democr\u00e1tico Brasileiro).</p>\r\n<p style=\"text-align: justify; \">CRISSIUMAL, por ser munic\u00edpio lim\u00edtrofe com a Argentina, foi inclu\u00eddo na \u00e1rea de Seguran\u00e7a Nacional e por isso n\u00e3o houve elei\u00e7\u00e3o para Prefeito de 1964 a 1985. Houve elei\u00e7\u00e3o, unicamente, em n\u00edvel municipal para o Poder Legislativo. O MDB s\u00f3 participou destas elei\u00e7\u00f5es a partir de 1972.</p>\r\n<p style=\"text-align: justify; \">Neste per\u00edodo os Prefeitos n\u00e3o eram eleitos por voto popular, mas nomeados pelo Presidente da Rep\u00fablica e s\u00f3 era nomeado quem estivesse filiado \u00e0 ARENA.</p>\r\n<p style=\"text-align: justify; \">3 \u2013 1984-1994 \u2013\u00a0Em 1985, com o t\u00e9rmino da ditadura militar, Crissiumal tornou a eleger o Prefeito Municipal. At\u00e9 1992 estavam organizados tr\u00eas Partidos Pol\u00edticos: PMDB (Partido do Movimento Democr\u00e1tico Brasileiro), PDT (Partido Democr\u00e1tico Trabalhista) e PDS (Partido Democr\u00e1tico Social) atualmente (1994) com a denomina\u00e7\u00e3o de PPR (Partido Progressista Reformador).</p>\r\n<p style=\"text-align: justify; \">Nas elei\u00e7\u00f5es municipais de 1985, 1988 e 1992 uniram-se PMDB e PDT em coliga\u00e7\u00e3o que elegeu o Prefeito Municipal em tr\u00eas elei\u00e7\u00f5es sucessivas.</p>\r\n<p>\u00a0</p>", "author_name": "Interlegis", "version": "1.0", "author_url": "https://www.crissiumal.rs.leg.br/author/Interlegis", "provider_name": "C\u00e2mara Municipal de Vereadores de Crissiumal / RS", "type": "rich"}