{"provider_url": "https://www.crissiumal.rs.leg.br", "title": "\ud835\udc00\ud835\udc01\ud835\udc04\ud835\udc11\ud835\udc13\ud835\udc14\ud835\udc11\ud835\udc00 \ud835\udc12\ud835\udc04\ud835\udc0c\ud835\udc00\ud835\udc0d\ud835\udc00 \ud835\udc03\ud835\udc00 \ud835\udc0f\ud835\udc00\u0301\ud835\udc13\ud835\udc11\ud835\udc08\ud835\udc00 \ud835\udfd0\ud835\udfce\ud835\udfd0\ud835\udfd0", "html": "<div class=\"m8h3af8h l7ghb35v kjdc1dyq kmwttqpk gh25dzvf n3t5jt4f\">\r\n<div dir=\"auto\"></div>\r\n</div>\r\n<div class=\"l7ghb35v kjdc1dyq kmwttqpk gh25dzvf jikcssrz n3t5jt4f\">\r\n<div dir=\"auto\">Na manh\u00e3 de hoje, 1\u00ba de Setembro, aconteceu o ato c\u00edvico de abertura da Semana da P\u00e1tria em Crissiumal.</div>\r\n<div dir=\"auto\"></div>\r\n</div>\r\n<div class=\"l7ghb35v kjdc1dyq kmwttqpk gh25dzvf jikcssrz n3t5jt4f\">\r\n<div dir=\"auto\">A \ud835\ude4b\ud835\ude67\ud835\ude5a\ud835\ude68\ud835\ude5e\ud835\ude59\ud835\ude5a\ud835\ude63\ud835\ude69\ud835\ude5a \ud835\ude59\ud835\ude64 \ud835\ude47\ud835\ude5a\ud835\ude5c\ud835\ude5e\ud835\ude68\ud835\ude61\ud835\ude56\ud835\ude69\ud835\ude5e\ud835\ude6b\ud835\ude64 \ud835\ude48\ud835\ude6a\ud835\ude63\ud835\ude5e\ud835\ude58\ud835\ude5e\ud835\ude65\ud835\ude56\ud835\ude61, \ud835\ude51\ud835\ude5a\ud835\ude67\ud835\ude5a\ud835\ude56\ud835\ude59\ud835\ude64\ud835\ude67\ud835\ude56 \ud835\ude45\ud835\ude56\ud835\ude63\ud835\ude5e\ud835\ude58\ud835\ude5a \ud835\ude3f\ud835\ude56\ud835\ude61\ud835\ude58\ud835\ude5e\ud835\ude63 \ud835\ude3d\ud835\ude5a\ud835\ude63\ud835\ude56\ud835\ude69\ud835\ude69\ud835\ude5e - \ud835\ude4b\ud835\ude4e\ud835\ude3f esteve representado a C\u00e2mara Municipal de Vereadores.</div>\r\n<div dir=\"auto\"></div>\r\n</div>\r\n<div class=\"l7ghb35v kjdc1dyq kmwttqpk gh25dzvf jikcssrz n3t5jt4f\">\r\n<div dir=\"auto\" style=\"text-align: justify; \">Em <span><a tabindex=\"-1\"></a></span>sua fala destacou a luta de nossos antepassados para que o nosso pais pudesse crescer e se desenvolver. Tamb\u00e9m destacou a import\u00e2ncia dos estudantes no crescimento e desenvolvimento de nosso pais, estado e munic\u00edpio. Ao final destacou a garra, a bravura e a cordialidade de nosso povo que s\u00e3o as marcas do brasileiro.</div>\r\n<div dir=\"auto\" style=\"text-align: justify; \"></div>\r\n</div>\r\n<div dir=\"auto\"><img src=\"https://www.crissiumal.rs.leg.br/imagens/ok2.JPG/@@images/f67f0e12-7d82-4bea-a333-36cb8a5d3bd4.jpeg\" alt=\"Semana da Patria1\" class=\"image-inline\" title=\"Semana da Patria1\" /></div>\r\n<div dir=\"auto\"></div>\r\n<div dir=\"auto\"><img src=\"https://www.crissiumal.rs.leg.br/imagens/ok3.JPG/@@images/75b002cb-9b12-4789-a9a9-7ceafb931342.jpeg\" alt=\"Semana da Patria2\" class=\"image-inline\" title=\"Semana da Patria2\" /></div>\r\n<div dir=\"auto\"><img src=\"https://www.crissiumal.rs.leg.br/imagens/ok4.JPG/@@images/8e099683-86fe-4064-a40c-0550a14d90e6.jpeg\" alt=\"Semana da Patria3\" class=\"image-inline\" title=\"Semana da Patria3\" /></div>\r\n<div dir=\"auto\"><img src=\"https://www.crissiumal.rs.leg.br/imagens/DSC_3100.JPG/@@images/cf2cd254-e234-438c-b44f-c43342776efa.jpeg\" alt=\"Semana da Patria4\" class=\"image-inline\" title=\"Semana da Patria4\" /></div>", "author_name": "", "version": "1.0", "author_url": "https://www.crissiumal.rs.leg.br/author/adm", "provider_name": "C\u00e2mara Municipal de Vereadores de Crissiumal / RS", "type": "rich"}