{"provider_url": "https://www.crissiumal.rs.leg.br", "title": "\ud835\udc00\ud835\udc01\ud835\udc04\ud835\udc11\ud835\udc13\ud835\udc14\ud835\udc11\ud835\udc00 \ud835\udc12\ud835\udc04\ud835\udc0c\ud835\udc00\ud835\udc0d\ud835\udc00 \ud835\udc05\ud835\udc00\ud835\udc11\ud835\udc11\ud835\udc0e\ud835\udc14\ud835\udc0f\ud835\udc08\ud835\udc0b\ud835\udc07\ud835\udc00 \ud835\udfd0\ud835\udfce\ud835\udfd0\ud835\udfd0", "html": "<div class=\"m8h3af8h l7ghb35v kjdc1dyq kmwttqpk gh25dzvf n3t5jt4f\">\r\n<h3 dir=\"auto\">\ud835\udc00\ud835\udc01\ud835\udc04\ud835\udc11\ud835\udc13\ud835\udc14\ud835\udc11\ud835\udc00 \ud835\udc12\ud835\udc04\ud835\udc0c\ud835\udc00\ud835\udc0d\ud835\udc00 \ud835\udc05\ud835\udc00\ud835\udc11\ud835\udc11\ud835\udc0e\ud835\udc14\ud835\udc0f\ud835\udc08\ud835\udc0b\ud835\udc07\ud835\udc00</h3>\r\n<div dir=\"auto\"></div>\r\n</div>\r\n<div class=\"l7ghb35v kjdc1dyq kmwttqpk gh25dzvf jikcssrz n3t5jt4f\">\r\n<div dir=\"auto\" style=\"text-align: justify; \">A C\u00e2mara Municipal de Vereadores, representada pela Presidente \ud835\ude51\ud835\ude5a\ud835\ude67\ud835\ude5a\ud835\ude56\ud835\ude59\ud835\ude64\ud835\ude67\ud835\ude56 \ud835\ude45\ud835\ude56\ud835\ude63\ud835\ude5e\ud835\ude58\ud835\ude5a \ud835\ude3f\ud835\ude56\ud835\ude61\ud835\ude58\ud835\ude5e\ud835\ude63 \ud835\ude3d\ud835\ude5a\ud835\ude63\ud835\ude56\ud835\ude69\ud835\ude69\ud835\ude5e - \ud835\ude4b\ud835\ude4e\ud835\ude3f, participou, na manh\u00e3 desta quarta-feira, 14 de setembro, da \ud835\ude56\ud835\ude57\ud835\ude5a\ud835\ude67\ud835\ude69\ud835\ude6a\ud835\ude67\ud835\ude56 \ud835\ude64\ud835\ude5b\ud835\ude5e\ud835\ude58\ud835\ude5e\ud835\ude56\ud835\ude61 \ud835\ude59\ud835\ude56 \ud835\ude4e\ud835\ude5a\ud835\ude62\ud835\ude56\ud835\ude63\ud835\ude56 \ud835\ude41\ud835\ude56\ud835\ude67\ud835\ude67\ud835\ude64\ud835\ude6a\ud835\ude65\ud835\ude5e\ud835\ude61\ud835\ude5d\ud835\ude56 \ud835\ude59\ud835\ude64 \ud835\ude56\ud835\ude63\ud835\ude64 \ud835\ude59\ud835\ude5a \ud835\udfee\ud835\udfec\ud835\udfee\ud835\udfee \ud835\ude63\ud835\ude64 \ud835\ude3e\ud835\ude4f\ud835\ude42 \ud835\ude40\ud835\ude68\ud835\ude69\ud835\ude56\u0302\ud835\ude63\ud835\ude58\ud835\ude5e\ud835\ude56 \ud835\ude59\ud835\ude56 \ud835\ude4e\ud835\ude56\ud835\ude6a\ud835\ude59\ud835\ude56\ud835\ude59\ud835\ude5a.</div>\r\n<div dir=\"auto\" style=\"text-align: justify; \"></div>\r\n</div>\r\n<div class=\"l7ghb35v kjdc1dyq kmwttqpk gh25dzvf jikcssrz n3t5jt4f\">\r\n<div dir=\"auto\" style=\"text-align: justify; \">A solenidade de abertura foi conduzida pelo Xir\u00fa das Falas, Antonio Vicente Girardi, <span><a tabindex=\"-1\"></a></span>filho do Tradicionalista homenageado deste, Casemiro Ad\u00e3o Girardi - Caprichado, com a participa\u00e7\u00e3o do Patr\u00e3o do CTG Celso Schilling e demais tradicionalistas.</div>\r\n</div>\r\n<div class=\"l7ghb35v kjdc1dyq kmwttqpk gh25dzvf jikcssrz n3t5jt4f\">\r\n<div dir=\"auto\"></div>\r\n<div dir=\"auto\">Alunos das Escolas APAE, Rotermund e Benno Bender estiveram presentes durante a abertura.</div>\r\n</div>\r\n<div class=\"l7ghb35v kjdc1dyq kmwttqpk gh25dzvf jikcssrz n3t5jt4f\">\r\n<div dir=\"auto\"></div>\r\n<div dir=\"auto\" style=\"text-align: justify; \">A Presidente em sua fala destacou que a nossa cultura e tradi\u00e7\u00e3o se espalham em todo nosso pa\u00eds, que devemos manter acessa essa chama que habita em todo cora\u00e7\u00e3o do nosso povo ga\u00facho.</div>\r\n<div dir=\"auto\" style=\"text-align: justify; \"></div>\r\n<div dir=\"auto\" style=\"text-align: justify; \">Ao final destacou a import\u00e2ncia das comemora\u00e7\u00f5es realizadas no nosso CTG, a invernada art\u00edstica, os cavalarianos, os tradicionalistas e todos os demais que se dedicam incansavelmente a essa t\u00e3o importante entidade de nosso munic\u00edpio.</div>\r\n</div>\r\n<div class=\"l7ghb35v kjdc1dyq kmwttqpk gh25dzvf jikcssrz n3t5jt4f\">\r\n<div dir=\"auto\"></div>\r\n<h3 dir=\"ltr\">\ud835\ude49\ud835\ude56\ud835\ude68 \ud835\ude65\ud835\ude56\ud835\ude61\ud835\ude56\ud835\ude6b\ud835\ude67\ud835\ude56\ud835\ude68 \ud835\ude59\ud835\ude64 \ud835\ude53\ud835\ude5e\ud835\ude67\ud835\ude6a\u0301 \ud835\ude59\ud835\ude56\ud835\ude68 \ud835\ude41\ud835\ude56\ud835\ude61\ud835\ude56\ud835\ude68, \ud835\ude3c\ud835\ude63\ud835\ude69\ud835\ude64\ud835\ude63\ud835\ude5e\ud835\ude64 \ud835\ude51\ud835\ude5e\ud835\ude58\ud835\ude5a\ud835\ude63\ud835\ude69\ud835\ude5a \ud835\ude42\ud835\ude5e\ud835\ude67\ud835\ude56\ud835\ude67\ud835\ude59\ud835\ude5e:</h3>\r\n<h3 dir=\"ltr\">\"\ud835\ude40 \ud835\ude51\ud835\ude56\ud835\ude62\ud835\ude64 \ud835\ude66\ud835\ude6a\ud835\ude5a \ud835\ude6b\ud835\ude56\ud835\ude62\ud835\ude64, \ud835\ude59\ud835\ude5a\ud835\ude61\ud835\ude5a \ud835\ude66\ud835\ude6a\ud835\ude5a \ud835\ude59\ud835\ude5a\ud835\ude61\ud835\ude5a, \ud835\ude5b\ud835\ude5e\ud835\ude66\ud835\ude6a\ud835\ude5a\ud835\ude62 \ud835\ude58\ud835\ude64\ud835\ude62 \ud835\ude3f\ud835\ude5a\ud835\ude6a\ud835\ude68 \ud835\ude66\ud835\ude6a\ud835\ude5a \ud835\ude5a\ud835\ude6a \ud835\ude5a\ud835\ude68\ud835\ude69\ud835\ude64\ud835\ude6a \ud835\ude58\ud835\ude64\ud835\ude62 \ud835\ude40\ud835\ude61\ud835\ude5a\"</h3>\r\n</div>\r\n<div dir=\"auto\"></div>\r\n<div dir=\"auto\">Viva a Semana Farroupilha!!!</div>\r\n<div dir=\"auto\"><img src=\"https://www.crissiumal.rs.leg.br/imagens/DSC_3170.JPG/@@images/dbd9f990-b52c-495a-834f-9c518943d747.jpeg\" alt=\"Semana Farroupilha\" class=\"image-inline\" title=\"Semana Farroupilha\" /></div>\r\n<div dir=\"auto\"></div>\r\n<div dir=\"auto\"><img src=\"https://www.crissiumal.rs.leg.br/imagens/DSC_3171.JPG/@@images/f7596296-fe67-4257-a663-f356675815df.jpeg\" alt=\"Semana Farroupilha1\" class=\"image-inline\" title=\"Semana Farroupilha1\" /></div>\r\n<div dir=\"auto\"></div>\r\n<div dir=\"auto\"><img src=\"https://www.crissiumal.rs.leg.br/imagens/DSC_3211.JPG/@@images/970f485c-cd11-46de-a789-e6e453b569bc.jpeg\" alt=\"Semana Farroupilha2\" class=\"image-inline\" title=\"Semana Farroupilha2\" /></div>", "author_name": "", "version": "1.0", "author_url": "https://www.crissiumal.rs.leg.br/author/adm", "provider_name": "C\u00e2mara Municipal de Vereadores de Crissiumal / RS", "type": "rich"}