{"provider_url": "https://www.crissiumal.rs.leg.br", "title": "AUDI\u00caNCIA P\u00daBLICA", "html": "<div class=\"kvgmc6g5 cxmmr5t8 oygrvhab hcukyx3x c1et5uql ii04i59q\">\r\n<div dir=\"auto\"><strong>AUDI\u00caNCIA P\u00daBLICA</strong></div>\r\n<div dir=\"auto\"><strong><br /></strong></div>\r\n</div>\r\n<div class=\"cxmmr5t8 oygrvhab hcukyx3x c1et5uql o9v6fnle ii04i59q\">\r\n<div dir=\"auto\">Na manh\u00e3 de hoje aconteceu a Audi\u00eancia P\u00fablica referente o 1\u00ba Quadrimestre de 2022 que foi transmitida ao vivo.</div>\r\n</div>\r\n<div class=\"cxmmr5t8 oygrvhab hcukyx3x c1et5uql o9v6fnle ii04i59q\">\r\n<div dir=\"auto\">Estiveram presentes o \ud835\udc15\ud835\udc1e\ud835\udc2b\ud835\udc1e\ud835\udc1a\ud835\udc1d\ud835\udc28\ud835\udc2b \ud835\udc0b\ud835\udc1e\ud835\udc28\ud835\udc26\ud835\udc1a\ud835\udc2b \ud835\udc04\ud835\udc1d\ud835\udc2e\ud835\udc1a\ud835\udc2b\ud835\udc1d\ud835\udc28 \ud835\udc0a\ud835\udc1a\ud835\udc29\ud835\udc29\ud835\udc1a\ud835\udc2e\ud835\udc27 - \ud835\udc0f\ud835\udc12\ud835\udc01 que \u00e9 \ud835\udc0f\ud835\udc2b\ud835\udc1e\ud835\udc2c\ud835\udc22\ud835\udc1d\ud835\udc1e\ud835\udc27\ud835\udc2d\ud835\udc1e \ud835\udc1d\ud835\udc1a \ud835\udc02\ud835\udc28\ud835\udc26\ud835\udc22\ud835\udc2c\ud835\udc2c\ud835\udc1a\u0303\ud835\udc28 \ud835\udc13\ud835\udc2b\ud835\udc22\ud835\udc1b\ud835\udc2e\ud835\udc2d\ud835\udc1a\u0301\ud835\udc2b\ud835\udc22\ud835\udc1a, \ud835\udc05\ud835\udc22\ud835\udc27\ud835\udc1a\ud835\udc27\ud835\udc1c\ud835\udc1e\ud835\udc22\ud835\udc2b\ud835\udc1a \ud835\udc1e \ud835\udc0e\ud835\udc2b\ud835\udc1c\u0327\ud835\udc1a\ud835\udc26\ud835\udc1e\ud835\udc27\ud835\udc2d\ud835\udc1a\u0301\ud835\udc2b\ud835\udc22\ud835\udc1a, a \ud835\udc15\ud835\udc1e\ud835\udc2b\ud835\udc1e\ud835\udc1a\ud835\udc1d\ud835\udc28\ud835\udc2b\ud835\udc1a \ud835\udc04\ud835\udc25\ud835\udc22\ud835\udc2c\ud835\udc22\ud835\udc1a \ud835\udc13\ud835\udc28\ud835\udc2b\ud835\udc26\ud835\udc1e\ud835\udc2c - \ud835\udc0c\ud835\udc03\ud835\udc01, o \ud835\udc12\ud835\udc1e\ud835\udc1c\ud835\udc2b\ud835\udc1e\ud835\udc2d\ud835\udc1a\u0301\ud835\udc2b\ud835\udc22\ud835\udc28 \ud835\udc0c\ud835\udc2e\ud835\udc27\ud835\udc22\ud835\udc1c\ud835\udc22\ud835\udc29\ud835\udc1a\ud835\udc25 \ud835\udc1d\ud835\udc1e \ud835\udc05\ud835\udc1a\ud835\udc33\ud835\udc1e\ud835\udc27\ud835\udc1d\ud835\udc1a \ud835\udc15\ud835\udc1a\ud835\udc27\ud835\udc1d\ud835\udc1e\ud835\udc2b\ud835\udc25\ud835\udc1e\ud835\udc22 \ud835\udc09\ud835\udc28\ud835\udc2b\ud835\udc20\ud835\udc1e \ud835\udc0c\ud835\udc28\ud835\udc2b\ud835\udc2c\ud835\udc1c\ud835\udc21\ud835\udc1b\ud835\udc1a\ud835\udc1c\ud835\udc21\ud835\udc1e\ud835\udc2b, \ud835\udc02\ud835\udc28\ud835\udc27\ud835\udc2d\ud835\udc1a\ud835\udc1d\ud835\udc28\ud835\udc2b\ud835\udc1a \ud835\udc1d\ud835\udc1a \ud835\udc0f\ud835\udc2b\ud835\udc1e\ud835\udc1f\ud835\udc1e\ud835\udc22\ud835\udc2d\ud835\udc2e\ud835\udc2b\ud835\udc1a \ud835\udc0c\ud835\udc2e\ud835\udc27\ud835\udc22\ud835\udc1c\ud835\udc22\ud835\udc29\ud835\udc1a\ud835\udc25 \ud835\udc03\ud835\udc1e\u0301\ud835\udc1b\ud835\udc28\ud835\udc2b\ud835\udc1a \ud835\udc13\ud835\udc1a\ud835\udc25\ud835\udc21\ud835\udc1e\ud835\udc22\ud835\udc26\ud835\udc1e\ud835\udc2b, \ud835\udc12\ud835\udc1e\ud835\udc1c\ud835\udc2b\ud835\udc1e\ud835\udc2d\ud835\udc1a\u0301\ud835\udc2b\ud835\udc22\ud835\udc1a \ud835\udc1d\ud835\udc1e \ud835\udc12\ud835\udc1a\ud835\udc2e\u0301\ud835\udc1d\ud835\udc1e \ud835\udc04\ud835\udc25\ud835\udc22\ud835\udc2c\ud835\udc1e\ud835\udc2d\ud835\udc1e \ud835\udc12\ud835\udc22\ud835\udc25\ud835\udc2f\ud835\udc1a e demais pessoas presentes.</div>\r\n<div dir=\"auto\"></div>\r\n</div>\r\n<div class=\"cxmmr5t8 oygrvhab hcukyx3x c1et5uql o9v6fnle ii04i59q\">\r\n<div dir=\"auto\">A audi\u00eancia p\u00fablica apresentada pelo Secret\u00e1rio de Fazenda demonstrou o cumprimento das metas fiscais, f\u00edsicas e financeiras estabelecidas para o 1\u00b0 quadrimestre de 2022 do Munic\u00edpio de Crissiumal.</div>\r\n<div dir=\"auto\"></div>\r\n</div>\r\n<div class=\"cxmmr5t8 oygrvhab hcukyx3x c1et5uql o9v6fnle ii04i59q\">\r\n<div dir=\"auto\">Na sequencia a Secret\u00e1ria de Sa\u00fade tamb\u00e9m apresentou um relat\u00f3rio das principais atividades desempenhadas nesse per\u00edodo na Secretaria Municipal de Sa\u00fade de Crissiumal.</div>\r\n<div dir=\"auto\"></div>\r\n<div dir=\"auto\">A audi\u00eancia pode ser assistida no link abaixo:</div>\r\n<div dir=\"auto\"><a class=\"external-link\" href=\"https://youtu.be/dDt8_EjkgGg\" target=\"_self\" title=\"Audi\u00eancia P\u00fablica\">Audi\u00eancia P\u00fablica</a></div>\r\n<div dir=\"auto\" style=\"text-align: center; \"><span><img src=\"https://www.crissiumal.rs.leg.br/imagens/PHOTO20220525100039.jpg/@@images/bed80dc1-2100-4cb9-a190-59641bdbffdf.jpeg\" alt=\"Audi\u00eancia P\u00fablica\" class=\"image-inline\" title=\"Audi\u00eancia P\u00fablica\" /></span></div>\r\n</div>", "author_name": "", "version": "1.0", "author_url": "https://www.crissiumal.rs.leg.br/author/adm", "provider_name": "C\u00e2mara Municipal de Vereadores de Crissiumal / RS", "type": "rich"}