{"provider_url": "https://www.crissiumal.rs.leg.br", "title": "Audi\u00eancia P\u00fablica para Avalia\u00e7\u00e3o de Gest\u00e3o Fiscal e Gest\u00e3o em Sa\u00fade acontece na C\u00e2mara Municipal de Vereadores de Crissiumal nesta Quinta-feira", "html": "<p><span>O Presidente da Comiss\u00e3o Tribut\u00e1ria, Financeira e Or\u00e7ament\u00e1ria, do Poder Legislativo Municipal de Crissiumal, Estado do Rio Grande do Sul, no uso de suas atribui\u00e7\u00f5es legais faz saber que a C\u00e2mara Municipal de Vereadores, realizar\u00e1 AUDI\u00caNCIA P\u00daBLICA, para avalia\u00e7\u00e3o da Gest\u00e3o Fiscal e apresenta\u00e7\u00e3o do Relat\u00f3rio de Gest\u00e3o em Sa\u00fade correspondente ao 1\u00ba Quadrimestre de 2025, que ser\u00e1 realizada no dia 29 de Maio de 2025 \u00e0s 09H00 nas Depend\u00eancias do Plen\u00e1rio desta Casa Legislativa.</span></p>", "author_name": "", "version": "1.0", "author_url": "https://www.crissiumal.rs.leg.br/author/adm", "provider_name": "C\u00e2mara Municipal de Vereadores de Crissiumal / RS", "type": "rich"}