{"provider_url": "https://www.crissiumal.rs.leg.br", "title": "DIA DO CUTELEIRO", "html": "<div dir=\"auto\">\ud835\uddd7\ud835\udddc\ud835\uddd4 \ud835\uddd7\ud835\udde2 \ud835\uddd6\ud835\udde8\ud835\udde7\ud835\uddd8\ud835\udddf\ud835\uddd8\ud835\udddc\ud835\udde5\ud835\udde2</div>\r\n<div dir=\"auto\">-</div>\r\n<div dir=\"auto\">Hoje, dia 19 de maio \u00e9 considerado o Dia do Cuteleiro (dia de S\u00e3o Dunst\u00e3o), ferreiro especializado em fazer facas, espadas e l\u00e2minas em geral.</div>\r\n<div dir=\"auto\">-</div>\r\n<div dir=\"auto\">A Cutelaria \u00e9 uma t\u00e9cnica milenar de confeccionar instrumentos cortantes e \u00e9 uma das mais antigas da humanidade. A arte do profissional Cuteleiro consiste na fabrica\u00e7\u00e3o de todos os utens\u00edlios met\u00e1licos de corte. No Brasil, a cutelaria \u00e9 um mercado em constante crescimento, com numerosos e renomados especialistas no assunto.</div>\r\n<div dir=\"auto\">-</div>\r\n<div dir=\"auto\">Em Crissiumal temos o Dia do Cuteleiro que surgiu atrav\u00e9s de um \ud835\udc0f\ud835\udc2b\ud835\udc28\ud835\udc23\ud835\udc1e\ud835\udc2d\ud835\udc28 \ud835\udc1d\ud835\udc1e \ud835\udc0b\ud835\udc1e\ud835\udc22 \ud835\udc0b\ud835\udc1e\ud835\udc20\ud835\udc22\ud835\udc2c\ud835\udc25\ud835\udc1a\ud835\udc2d\ud835\udc22\ud835\udc2f\ud835\udc28 \ud835\udc27.\u00ba \ud835\udfce\ud835\udfd3/\ud835\udfd0\ud835\udfce\ud835\udfd0\ud835\udfd0 de autoria do \ud835\udc15\ud835\udc1e\ud835\udc2b\ud835\udc1e\ud835\udc1a\ud835\udc1d\ud835\udc28\ud835\udc2b \ud835\udc11\ud835\udc1a\ud835\udc1f\ud835\udc1a\ud835\udc1e\ud835\udc25 \ud835\udc0c\ud835\udc1e\ud835\udc1d\ud835\udc22\ud835\udc27\ud835\udc1a - \ud835\udc0f\ud835\udc12\ud835\udc01 e que teve sua promulga\u00e7\u00e3o com a \ud835\udc0b\ud835\udc1e\ud835\udc22 \ud835\udc0c\ud835\udc2e\ud835\udc27\ud835\udc22\ud835\udc1c\ud835\udc22\ud835\udc29\ud835\udc1a\ud835\udc25 \ud835\udc27.\u00ba \ud835\udfd2.\ud835\udfd1\ud835\udfd3\ud835\udfd7/\ud835\udfd0\ud835\udfce\ud835\udfd0\ud835\udfd0.</div>\r\n<div dir=\"auto\">-</div>\r\n<div dir=\"auto\">Os irm\u00e3os \ud835\udc0f\ud835\udc1a\ud835\udc2e\ud835\udc25\ud835\udc28 \ud835\udc1e \ud835\udc0c\ud835\udc1a\ud835\udc2b\ud835\udc25\ud835\udc28\ud835\udc27 \ud835\udc0d\ud835\udc1a\ud835\udc20\ud835\udc1e\ud835\udc25 desempenham essa arte com eximia maestria em nosso munic\u00edpio, tirando o sustento para suas fam\u00edlias atrav\u00e9s dessa profiss\u00e3o. Eles j\u00e1 s\u00e3o conhecidos no cen\u00e1rio regional e estadual e seus excelentes produtos est\u00e3o sendo comercializados em todo o Brasil levando o nome da nossa querida Crissiumal juntamente com suas obras.</div>\r\n<div dir=\"auto\">-</div>\r\n<div dir=\"auto\">Aos irm\u00e3os \ud835\udc0f\ud835\udc1a\ud835\udc2e\ud835\udc25\ud835\udc28 \ud835\udc1e \ud835\udc0c\ud835\udc1a\ud835\udc2b\ud835\udc25\ud835\udc28\ud835\udc27 \ud835\udc0d\ud835\udc1a\ud835\udc20\ud835\udc1e\ud835\udc25 parab\u00e9ns pela passagem do Dia do Cuteleiro.</div>\r\n<div dir=\"auto\" style=\"text-align: center; \"><img src=\"https://www.crissiumal.rs.leg.br/imagens/FACASNAGEL.jpg/@@images/5841456d-c7ea-445b-8e44-754910eb418a.jpeg\" alt=\"Facas Nagel\" class=\"image-inline\" title=\"Facas Nagel\" /></div>", "author_name": "", "version": "1.0", "author_url": "https://www.crissiumal.rs.leg.br/author/adm", "provider_name": "C\u00e2mara Municipal de Vereadores de Crissiumal / RS", "type": "rich"}