{"provider_url": "https://www.crissiumal.rs.leg.br", "title": "Dia Municipal Primeira Vacina Covid", "html": "<div class=\"kvgmc6g5 cxmmr5t8 oygrvhab hcukyx3x c1et5uql ii04i59q\">\r\n<div dir=\"auto\">\ud835\udc0f\ud835\udc11\ud835\udc0e\ud835\udc09\ud835\udc04\ud835\udc13\ud835\udc0e \ud835\udc03\ud835\udc04 \ud835\udc0b\ud835\udc04\ud835\udc08 \ud835\udc1d\ud835\udc1e \ud835\udc22\ud835\udc27\ud835\udc22\ud835\udc1c\ud835\udc22\ud835\udc1a\ud835\udc2d\ud835\udc22\ud835\udc2f\ud835\udc1a \ud835\udc1d\ud835\udc28 \ud835\udc0f\ud835\udc28\ud835\udc1d\ud835\udc1e\ud835\udc2b \ud835\udc0b\ud835\udc1e\ud835\udc20\ud835\udc22\ud835\udc2c\ud835\udc25\ud835\udc1a\ud835\udc2d\ud835\udc22\ud835\udc2f\ud835\udc28 \ud835\udc27\u00ba \ud835\udfcf\ud835\udfd6/\ud835\udfd0\ud835\udfce\ud835\udfd0\ud835\udfcf, de autoria do \ud835\udc15\ud835\udc1e\ud835\udc2b\ud835\udc1e\ud835\udc1a\ud835\udc1d\ud835\udc28\ud835\udc2b \ud835\udc0f\ud835\udc00\ud835\udc14\ud835\udc0b\ud835\udc0e \ud835\udc11\ud835\udc00\ud835\udc05\ud835\udc00\ud835\udc04\ud835\udc0b \ud835\udc0c\ud835\udc04\ud835\udc03\ud835\udc08\ud835\udc0d\ud835\udc00 \ud835\udc03\ud835\udc04 \ud835\udc0b\ud835\udc08\ud835\udc0c\ud835\udc00\ud835\udc12 (\ud835\udc0f\ud835\udc12\ud835\udc01).</div>\r\n</div>\r\n<div class=\"o9v6fnle cxmmr5t8 oygrvhab hcukyx3x c1et5uql ii04i59q\">\r\n<div dir=\"auto\">Na ultima Sess\u00e3o Legislativa Ordin\u00e1ria do dia 18/10/2021, foi aprovado por unanimidade o Projeto de Lei de iniciativa do Poder Legislativo n.\u00ba 18/2021 que \ud835\udc70\ud835\udc8f\ud835\udc94\ud835\udc95\ud835\udc8a\ud835\udc95\ud835\udc96\ud835\udc8a \ud835\udc90 \ud835\udc6b\ud835\udc8a\ud835\udc82 \ud835\udc74\ud835\udc96\ud835\udc8f\ud835\udc8a\ud835\udc84\ud835\udc8a\ud835\udc91\ud835\udc82\ud835\udc8d \ud835\udc86\ud835\udc8e \ud835\udc6f\ud835\udc90\ud835\udc8e\ud835\udc86\ud835\udc8f\ud835\udc82\ud835\udc88\ud835\udc86\ud835\udc8e \ud835\udc82 \ud835\udc77\ud835\udc93\ud835\udc8a\ud835\udc8e\ud835\udc86\ud835\udc8a\ud835\udc93\ud835\udc82 \ud835\udc7d\ud835\udc82\ud835\udc84\ud835\udc8a\ud835\udc8f\ud835\udc82 \ud835\udc84\ud835\udc90\ud835\udc8f\ud835\udc95\ud835\udc93\ud835\udc82 \ud835\udc6a\ud835\udc90\ud835\udc97\ud835\udc8a\ud835\udc85-\ud835\udfcf\ud835\udfd7 \ud835\udc8f\ud835\udc90 \ud835\udc74\ud835\udc96\ud835\udc8f\ud835\udc8a\ud835\udc84\ud835\udc8a\u0301\ud835\udc91\ud835\udc8a\ud835\udc90 \ud835\udc85\ud835\udc86 \ud835\udc6a\ud835\udc93\ud835\udc8a\ud835\udc94\ud835\udc94\ud835\udc8a\ud835\udc96\ud835\udc8e\ud835\udc82\ud835\udc8d, \ud835\udc79\ud835\udc7a.</div>\r\n<div dir=\"auto\"></div>\r\n</div>\r\n<div class=\"o9v6fnle cxmmr5t8 oygrvhab hcukyx3x c1et5uql ii04i59q\">\r\n<div dir=\"auto\">Esse Projeto de Lei visa oficializar e perpetuar atrav\u00e9s de Lei Municipal, o Dia Municipal em homenagem a primeira vacina\u00e7\u00e3o contra Covid-19 que foi no dia 20 de Janeiro de 2021.</div>\r\n</div>\r\n<div class=\"o9v6fnle cxmmr5t8 oygrvhab hcukyx3x c1et5uql ii04i59q\">\r\n<div dir=\"auto\">A data simboliza o registro do in\u00edcio da vacina\u00e7\u00e3o contra a COVID-19 no Munic\u00edpio, que ocorreu dia 20 de Janeiro de 2021.</div>\r\n</div>\r\n<div class=\"o9v6fnle cxmmr5t8 oygrvhab hcukyx3x c1et5uql ii04i59q\">\r\n<div dir=\"auto\">Para exemplo, no Brasil o in\u00edcio da vacina\u00e7\u00e3o aconteceu, na cidade de S\u00e3o Paulo, no dia 17 de Janeiro de 2021.</div>\r\n</div>\r\n<div class=\"o9v6fnle cxmmr5t8 oygrvhab hcukyx3x c1et5uql ii04i59q\">\r\n<div dir=\"auto\">J\u00e1 no munic\u00edpio de Crissiumal, como dito, o in\u00edcio da vacina\u00e7\u00e3o ocorreu no in\u00edcio da tarde do dia 20 de janeiro de 2021, no local de vacina\u00e7\u00e3o do Posto de Sa\u00fade, sendo que a primeira pessoa a receber a vacina foi a m\u00e9dica Sandra Besold, que foi vacinada com a Coronavac, e em seguida foram vacinados profissionais da sa\u00fade e os moradores do Lar do Idoso da cidade.</div>\r\n</div>\r\n<div class=\"o9v6fnle cxmmr5t8 oygrvhab hcukyx3x c1et5uql ii04i59q\">\r\n<div dir=\"auto\">Esse registro de data formal \u00e9 o marco inicial da nossa vit\u00f3ria contra essa terr\u00edvel doen\u00e7a, que ser\u00e1 lembrada em todos os livros de hist\u00f3ria de ora em diante, e que infelizmente fez muitas v\u00edtimas e transformou a vida das pessoas.</div>\r\n<div dir=\"auto\"></div>\r\n<div dir=\"auto\">Reportagem Guia Crissiumal, primeira pessoa vacinada em Crissiumal:</div>\r\n<div dir=\"auto\"><span><a class=\"oajrlxb2 g5ia77u1 qu0x051f esr5mh6w e9989ue4 r7d6kgcz rq0escxv nhd2j8a9 nc684nl6 p7hjln8o kvgmc6g5 cxmmr5t8 oygrvhab hcukyx3x jb3vyjys rz4wbd8a qt6c0cv9 a8nywdso i1ao9s8h esuyzwwr f1sip0of lzcic4wl py34i1dx gpro0wi8\" href=\"https://guiacrissiumal.com.br/noticias/20-01-2021-Iniciada-a-vacinacao-contra-a-covid_19-em-Crissiumal?fbclid=IwAR3w7e4_Bro6TwCtaM8_lcddNfX_1wFNTaHiiQ_h_lpd1a2frsuZz21hknY\" rel=\"nofollow noopener\" tabindex=\"0\" target=\"_blank\">https://guiacrissiumal.com.br/.../20-01-2021-Iniciada-a...</a></span></div>\r\n<div dir=\"auto\"><span><br /></span></div>\r\n</div>\r\n<div class=\"o9v6fnle cxmmr5t8 oygrvhab hcukyx3x c1et5uql ii04i59q\">\r\n<div dir=\"auto\">\ud835\udc0e \ud835\udc0f\ud835\udc2b\ud835\udc28\ud835\udc23\ud835\udc1e\ud835\udc2d\ud835\udc28 \ud835\udc1d\ud835\udc1e \ud835\udc25\ud835\udc1e\ud835\udc22 \ud835\udc1d\ud835\udc1e \ud835\udc22\ud835\udc27\ud835\udc22\ud835\udc1c\ud835\udc22\ud835\udc1a\ud835\udc2d\ud835\udc22\ud835\udc2f\ud835\udc1a \ud835\udc1d\ud835\udc28 \ud835\udc0f\ud835\udc28\ud835\udc1d\ud835\udc1e\ud835\udc2b \ud835\udc0b\ud835\udc1e\ud835\udc20\ud835\udc22\ud835\udc2c\ud835\udc25\ud835\udc1a\ud835\udc2d\ud835\udc22\ud835\udc2f\ud835\udc28 \ud835\udc27.\u00ba \ud835\udfcf\ud835\udfd6/\ud835\udfd0\ud835\udfce\ud835\udfd0\ud835\udfcf, \ud835\udc1f\ud835\udc28\ud835\udc22 \ud835\udc2c\ud835\udc1a\ud835\udc27\ud835\udc1c\ud835\udc22\ud835\udc28\ud835\udc27\ud835\udc1a\ud835\udc1d\ud835\udc28 \ud835\udc29\ud835\udc1e\ud835\udc25\ud835\udc28 \ud835\udc0f\ud835\udc28\ud835\udc1d\ud835\udc1e\ud835\udc2b \ud835\udc04\ud835\udc31\ud835\udc1e\ud835\udc1c\ud835\udc2e\ud835\udc2d\ud835\udc22\ud835\udc2f\ud835\udc28 \ud835\udc2d\ud835\udc28\ud835\udc2b\ud835\udc27\ud835\udc1a\ud835\udc27\ud835\udc1d\ud835\udc28-\ud835\udc2c\ud835\udc1e \ud835\udc1a \ud835\udc0b\ud835\udc1e\ud835\udc22 \ud835\udc0c\ud835\udc2e\ud835\udc27\ud835\udc22\ud835\udc1c\ud835\udc22\ud835\udc29\ud835\udc1a\ud835\udc25 \ud835\udc27.\u00ba \ud835\udfd2.\ud835\udfd0\ud835\udfd1\ud835\udfd5/\ud835\udfd0\ud835\udfce\ud835\udfd0\ud835\udfcf.</div>\r\n</div>", "author_name": "", "version": "1.0", "author_url": "https://www.crissiumal.rs.leg.br/author/adm", "provider_name": "C\u00e2mara Municipal de Vereadores de Crissiumal / RS", "type": "rich"}