{"provider_url": "https://www.crissiumal.rs.leg.br", "title": "EDITAL DE CONVOCA\u00c7\u00c3O DE AUDI\u00caNCIA P\u00daBLICA", "html": "<p class=\" \" style=\"text-align: justify; \"><span>O Vereador Paulo Moacir Haas, Presidente da Comiss\u00e3o Tribut\u00e1ria, Financeira e Or\u00e7ament\u00e1ria, do Poder Legislativo Municipal de Crissiumal, Estado do Rio Grande do Sul, no uso de suas atribui\u00e7\u00f5es legais faz saber que a C\u00e2mara Municipal de Vereadores, realizar\u00e1 AUDI\u00caNCIA P\u00daBLICA, para avalia\u00e7\u00e3o da Gest\u00e3o Fiscal e apresenta\u00e7\u00e3o do Relat\u00f3rio de Gest\u00e3o em Sa\u00fade correspondente ao 3\u00ba Quadrimestre de 2022, que ser\u00e1 realizada no dia 24 de fevereiro de 2023 \u00e0s 09:00 (nove) horas, nas depend\u00eancias do Plen\u00e1rio desta Casa Legislativa.</span></p>\r\n<p class=\" \" style=\"text-align: justify; \"><span>\u00a0</span></p>\r\n<p class=\" \" style=\"text-align: justify; \"><span>VEREADOR PAULO MOACIR HAAS</span><br /><span>Presidente da Comiss\u00e3o Tribut\u00e1ria,</span><br /><span>Financeira e Or\u00e7ament\u00e1ria</span></p>", "author_name": "", "version": "1.0", "author_url": "https://www.crissiumal.rs.leg.br/author/adm", "provider_name": "C\u00e2mara Municipal de Vereadores de Crissiumal / RS", "type": "rich"}