{"provider_url": "https://www.crissiumal.rs.leg.br", "title": "Emenda Senador Heinze", "html": "<div class=\"kvgmc6g5 cxmmr5t8 oygrvhab hcukyx3x c1et5uql ii04i59q\">\r\n<div dir=\"auto\">Os Vereadores \ud835\udc06\ud835\udc22\ud835\udc25\ud835\udc1b\ud835\udc1e\ud835\udc2b\ud835\udc2d\ud835\udc28 \ud835\udc09\ud835\udc28\ud835\udc2c\ud835\udc1e \ud835\udc15\ud835\udc28\ud835\udc25\ud835\udc29\ud835\udc1a\ud835\udc2d\ud835\udc2d\ud835\udc28 e \ud835\udc15\ud835\udc22\ud835\udc25\ud835\udc26\ud835\udc1a\ud835\udc2b \ud835\udc03\ud835\udc2e\ud835\udc2d\ud835\udc2b\ud835\udc1a do \ud835\udc0f\ud835\udc1a\ud835\udc2b\ud835\udc2d\ud835\udc22\ud835\udc1d\ud835\udc28 \ud835\udc0f\ud835\udc2b\ud835\udc28\ud835\udc20\ud835\udc2b\ud835\udc1e\ud835\udc2c\ud835\udc2c\ud835\udc22\ud835\udc2c\ud835\udc2d\ud835\udc1a\ud835\udc2c \ud835\udc1d\ud835\udc1e \ud835\udc02\ud835\udc2b\ud835\udc22\ud835\udc2c\ud835\udc2c\ud835\udc22\ud835\udc2e\ud835\udc26\ud835\udc1a\ud835\udc25, receberam, na manh\u00e3 de hoje, e-mail do Gabinete do \ud835\udc12\ud835\udc1e\ud835\udc27\ud835\udc1a\ud835\udc1d\ud835\udc28\ud835\udc2b \ud835\udc0b\ud835\udc2e\ud835\udc22\ud835\udc33 \ud835\udc02\ud835\udc1a\ud835\udc2b\ud835\udc25\ud835\udc28\ud835\udc2c \ud835\udc07\ud835\udc1e\ud835\udc22\ud835\udc27\ud835\udc33\ud835\udc1e - \ud835\udc0f\ud835\udc2b\ud835\udc28\ud835\udc20\ud835\udc2b\ud835\udc1e\ud835\udc2c\ud835\udc2c\ud835\udc22\ud835\udc2c\ud835\udc2d\ud835\udc1a\ud835\udc2c/\ud835\udc11\ud835\udc12, confirmando o empenho, via fundo Estadual, de emenda parlamentar de sua autoria ao Or\u00e7amento Geral da Uni\u00e3o - OGU/2022, cota da Bancada Ga\u00facha que tem destino o \ud835\udc07\ud835\udc28\ud835\udc2c\ud835\udc29\ud835\udc22\ud835\udc2d\ud835\udc1a\ud835\udc25 \ud835\udc1d\ud835\udc1e \ud835\udc02\ud835\udc1a\ud835\udc2b\ud835\udc22\ud835\udc1d\ud835\udc1a\ud835\udc1d\ud835\udc1e \ud835\udc1d\ud835\udc1e \ud835\udc02\ud835\udc2b\ud835\udc22\ud835\udc2c\ud835\udc2c\ud835\udc22\ud835\udc2e\ud835\udc26\ud835\udc1a\ud835\udc25.</div>\r\n<div dir=\"auto\"></div>\r\n</div>\r\n<div class=\"cxmmr5t8 oygrvhab hcukyx3x c1et5uql o9v6fnle ii04i59q\">\r\n<div dir=\"auto\">Essa emenda j\u00e1 havia sido informada aos Edis no Of\u00edcio 0125/22 do dia 07 de mar\u00e7o de 2022, agora a confirma\u00e7\u00e3o do empenho.</div>\r\n<div dir=\"auto\"></div>\r\n</div>\r\n<div class=\"cxmmr5t8 oygrvhab hcukyx3x c1et5uql o9v6fnle ii04i59q\">\r\n<div dir=\"auto\">Os Vereadores vem a publico, em nome de toda a popula\u00e7\u00e3o Crissiumalense agradecer a emenda destinada, bem como a aten\u00e7\u00e3o e os recursos destinados pelo Senador ao nosso munic\u00edpio, tendo a certeza de poderem contar sempre com o apoio do Senador.</div>\r\n</div>", "author_name": "", "version": "1.0", "author_url": "https://www.crissiumal.rs.leg.br/author/adm", "provider_name": "C\u00e2mara Municipal de Vereadores de Crissiumal / RS", "type": "rich"}