{"provider_url": "https://www.crissiumal.rs.leg.br", "title": "LEI MUNICIPAL N.\u00ba 4.447/2022", "html": "<p style=\"text-align: justify; \">Na manh\u00e3 do dia 14 de novembro, segunda-feira, foi promulgada, pela Presidente da C\u00e2mara Municipal de Vereadores Vereadora Janice Dalcin Benatti, a Lei Municipal n.\u00ba 4.447/2022, que teve como autor o \ud835\udc7d\ud835\udc86\ud835\udc93\ud835\udc86\ud835\udc82\ud835\udc85\ud835\udc90\ud835\udc93 \ud835\udc77\ud835\udc82\ud835\udc96\ud835\udc8d\ud835\udc90 \ud835\udc79\ud835\udc82\ud835\udc87\ud835\udc82\ud835\udc86\ud835\udc8d \ud835\udc74\ud835\udc86\ud835\udc85\ud835\udc8a\ud835\udc8f\ud835\udc82 \ud835\udc85\ud835\udc86 \ud835\udc73\ud835\udc8a\ud835\udc8e\ud835\udc82\ud835\udc94 - \ud835\udc77\ud835\udc7a\ud835\udc69.<br /><br />O Vereador prop\u00f4s, na 17\u00aa Sess\u00e3o Legislativa Ordin\u00e1ria do dia 17/10/2022, o Projeto de Lei Legislativo 16/2022, o qual foi aprovado por unanimidade.<br /><br />\ud835\udc04\ud835\udc0b\ud835\udc0e\ud835\udc08\ud835\udc11 \ud835\udc0b\ud835\udc14\ud835\udc08\ud835\udc19 \ud835\udc03\ud835\udc04 \ud835\udc15\ud835\udc00\ud835\udc11\ud835\udc06\ud835\udc00\ud835\udc12 \ud835\udc0c\ud835\udc00\ud835\udc06\ud835\udc0d\ud835\udc08, foi Servidor Publico Municipal de 1995 a 2021. Nesse per\u00edodo ocupou o cargo de Secret\u00e1rio Municipal de Obras no per\u00edodo de 2010 \u00e0 2012.<br /><br />ELOIR ocupou uma cadeira no Legislativo na 15\u00aa Legislatura (2013 a 2016) pelo PDT - Partido Democr\u00e1tico Trabalhista.<br /><br />MAGNI prestou relevantes servi\u00e7os a toda comunidade Crissiumalense, tendo trabalhado no Parque Municipal de Obras, onde deixou \u00f3timas lembran\u00e7as em seus colegas que sempre lembram com carinho da pessoa s\u00e9ria, comprometida e divertida e principalmente do amigo fiel, simples e alto astral que sempre estava disposto a ajudar todos a qualquer hora.<br /><br />Em sua fala, na 17\u00aa Sess\u00e3o, o Vereador propositor falou sobre a excelente pessoa e colega que foi o homenageado e lembrou que, em uma indica\u00e7\u00e3o, fez o pedido ao Executivo Municipal para que o nome do Parque Municipal de Obras fosse atribu\u00eddo a ele.</p>", "author_name": "", "version": "1.0", "author_url": "https://www.crissiumal.rs.leg.br/author/adm", "provider_name": "C\u00e2mara Municipal de Vereadores de Crissiumal / RS", "type": "rich"}