{"provider_url": "https://www.crissiumal.rs.leg.br", "title": "Projeto de Lei Legislativo 015/2021", "html": "<div class=\"kvgmc6g5 cxmmr5t8 oygrvhab hcukyx3x c1et5uql ii04i59q\">\r\n<div dir=\"auto\" style=\"text-align: justify; \">Na ultima Sess\u00e3o Legislativa Ordin\u00e1ria do dia 21/09/2021, foi aprovado o \ud835\udc0f\ud835\udc2b\ud835\udc28\ud835\udc23\ud835\udc1e\ud835\udc2d\ud835\udc28 \ud835\udc1d\ud835\udc1e \ud835\udc0b\ud835\udc1e\ud835\udc22 \ud835\udc1d\ud835\udc1e \ud835\udc22\ud835\udc27\ud835\udc22\ud835\udc1c\ud835\udc22\ud835\udc1a\ud835\udc2d\ud835\udc22\ud835\udc2f\ud835\udc1a \ud835\udc1d\ud835\udc28 \ud835\udc0f\ud835\udc28\ud835\udc1d\ud835\udc1e\ud835\udc2b \ud835\udc0b\ud835\udc1e\ud835\udc20\ud835\udc22\ud835\udc2c\ud835\udc25\ud835\udc1a\ud835\udc2d\ud835\udc22\ud835\udc2f\ud835\udc28 \ud835\udc27.\u00ba \ud835\udfcf\ud835\udfd3/\ud835\udfd0\ud835\udfce\ud835\udfd0\ud835\udfcf de autoria do \ud835\udde9\ud835\uddf2\ud835\uddff\ud835\uddf2\ud835\uddee\ud835\uddf1\ud835\uddfc\ud835\uddff \ud835\udde3\ud835\uddd4\ud835\udde8\ud835\udddf\ud835\udde2 \ud835\udde5\ud835\uddd4\ud835\uddd9\ud835\uddd4\ud835\uddd8\ud835\udddf \ud835\udde0\ud835\uddd8\ud835\uddd7\ud835\udddc\ud835\udde1\ud835\uddd4 \ud835\uddd7\ud835\uddd8 \ud835\udddf\ud835\udddc\ud835\udde0\ud835\uddd4\ud835\udde6 (\ud835\udde3\ud835\udde6\ud835\uddd5), tendo como co-autores os \ud835\udc15\ud835\udc1e\ud835\udc2b\ud835\udc1e\ud835\udc1a\ud835\udc1d\ud835\udc28\ud835\udc2b\ud835\udc1e\ud835\udc2c \ud835\udc0f\ud835\udc00\ud835\udc14\ud835\udc0b\ud835\udc0e \ud835\udc0c\ud835\udc0e\ud835\udc00\ud835\udc02\ud835\udc08\ud835\udc11 \ud835\udc07\ud835\udc00\ud835\udc00\ud835\udc12 (\ud835\udc0c\ud835\udc03\ud835\udc01), \ud835\udc0b\ud835\udc04\ud835\udc0e\ud835\udc0c\ud835\udc00\ud835\udc11 \ud835\udc04\ud835\udc03\ud835\udc14\ud835\udc00\ud835\udc11\ud835\udc03\ud835\udc0e \ud835\udc0a\ud835\udc00\ud835\udc0f\ud835\udc0f\ud835\udc00\ud835\udc14\ud835\udc0d (\ud835\udc0f\ud835\udc12\ud835\udc01), \ud835\udc15\ud835\udc08\ud835\udc0b\ud835\udc0c\ud835\udc00\ud835\udc11 \ud835\udc03\ud835\udc14\ud835\udc13\ud835\udc11\ud835\udc00 (\ud835\udc0f\ud835\udc0f) \ud835\udc04 \ud835\udc0c\ud835\udc00\ud835\udc11\ud835\udc08\ud835\udc00 \ud835\udc04\ud835\udc0b\ud835\udc08\ud835\udc12\ud835\udc08\ud835\udc00 \ud835\udc12\ud835\udc02\ud835\udc07\ud835\udc0c\ud835\udc08\ud835\udc13\ud835\udc13 \ud835\udc13\ud835\udc0e\ud835\udc11\ud835\udc0c\ud835\udc04\ud835\udc12 (\ud835\udc0c\ud835\udc03\ud835\udc01) que DISPO\u0303E SOBRE A OBRIGATORIEDADE DA ELABORAC\u0327A\u0303O E DIVULGAC\u0327A\u0303O DA RELAC\u0327A\u0303O DE MEDICAMENTOS FORNECIDOS PELO MUNICIPIO DE CRISSIUMAL.</div>\r\n<div dir=\"auto\" style=\"text-align: justify; \"></div>\r\n</div>\r\n<div class=\"o9v6fnle cxmmr5t8 oygrvhab hcukyx3x c1et5uql ii04i59q\" style=\"text-align: justify; \">\r\n<div dir=\"auto\">Esse importante Projeto tem como objetivo tornar obrigat\u00f3rio a elabora\u00e7\u00e3o e divulga\u00e7\u00e3o, pelo Munic\u00edpio, de forma irrestrita e permanente, por meio f\u00edsico em local de f\u00e1cil acesso e visibilidade na Secretaria da Sa\u00fade e por meio eletr\u00f4nico no site oficial do Munic\u00edpio, da rela\u00e7\u00e3o dos medicamentos fornecidos na rede publica municipal de sa\u00fade, com indica\u00e7\u00e3o da disponibilidade e das eventuais faltas.</div>\r\n<div dir=\"auto\"></div>\r\n</div>\r\n<div class=\"o9v6fnle cxmmr5t8 oygrvhab hcukyx3x c1et5uql ii04i59q\" style=\"text-align: justify; \">\r\n<div dir=\"auto\">Conforme o Projeto a listagem deve ser permanentemente atualizada, de modo que indique com a necess\u00e1ria precis\u00e3o quais os medicamentos dispon\u00edveis e tamb\u00e9m, junto da indica\u00e7\u00e3o dos medicamentos em falta deve ser informada a previs\u00e3o do tempo de sua disponibilidade.</div>\r\n<div dir=\"auto\"></div>\r\n</div>\r\n<div class=\"o9v6fnle cxmmr5t8 oygrvhab hcukyx3x c1et5uql ii04i59q\" style=\"text-align: justify; \">\r\n<div dir=\"auto\">Como justificativa do Projeto, prima-se a publicidade e a transpar\u00eancia aos usu\u00e1rios do Sistema \u00danico de Sa\u00fade em nosso munic\u00edpio, especialmente para aqueles que necessitam retirar medicamentos disponibilizados pela rede municipal e que com essas informa\u00e7\u00f5es atualizadas poder\u00e3o evitar viagens/deslocamentos perdidos em caso de falta de medicamentos e tamb\u00e9m o retorno da disponibilidade desses medicamentos, permitindo inclusive uma solicita\u00e7\u00e3o direta aos respons\u00e1veis dos medicamentos faltantes que n\u00e3o tenham previs\u00e3o de disponibilidade, auxiliando no planejamento e organiza\u00e7\u00e3o da secretaria de sa\u00fade nesse aspecto.</div>\r\n<div dir=\"auto\"></div>\r\n</div>\r\n<div class=\"o9v6fnle cxmmr5t8 oygrvhab hcukyx3x c1et5uql ii04i59q\">\r\n<div dir=\"auto\" style=\"text-align: justify; \">\ud835\udc0e \ud835\udc0f\ud835\udc2b\ud835\udc28\ud835\udc23\ud835\udc1e\ud835\udc2d\ud835\udc28 \ud835\udc1d\ud835\udc1e \ud835\udc25\ud835\udc1e\ud835\udc22 \ud835\udc1d\ud835\udc1e \ud835\udc22\ud835\udc27\ud835\udc22\ud835\udc1c\ud835\udc22\ud835\udc1a\ud835\udc2d\ud835\udc22\ud835\udc2f\ud835\udc1a \ud835\udc1d\ud835\udc28 \ud835\udc0f\ud835\udc28\ud835\udc1d\ud835\udc1e\ud835\udc2b \ud835\udc0b\ud835\udc1e\ud835\udc20\ud835\udc22\ud835\udc2c\ud835\udc25\ud835\udc1a\ud835\udc2d\ud835\udc22\ud835\udc2f\ud835\udc28 \ud835\udc27.\u00ba \ud835\udfcf\ud835\udfd3/\ud835\udfd0\ud835\udfce\ud835\udfd0\ud835\udfcf, \ud835\udc1f\ud835\udc28\ud835\udc22 \ud835\udc2c\ud835\udc1a\ud835\udc27\ud835\udc1c\ud835\udc22\ud835\udc28\ud835\udc27\ud835\udc1a\ud835\udc1d\ud835\udc28 \ud835\udc29\ud835\udc1e\ud835\udc25\ud835\udc28 \ud835\udc0f\ud835\udc28\ud835\udc1d\ud835\udc1e\ud835\udc2b \ud835\udc04\ud835\udc31\ud835\udc1e\ud835\udc1c\ud835\udc2e\ud835\udc2d\ud835\udc22\ud835\udc2f\ud835\udc28 \ud835\udc2d\ud835\udc28\ud835\udc2b\ud835\udc27\ud835\udc1a\ud835\udc27\ud835\udc1d\ud835\udc28-\ud835\udc2c\ud835\udc1e \ud835\udc1a \ud835\udc0b\ud835\udc1e\ud835\udc22 \ud835\udc0c\ud835\udc2e\ud835\udc27\ud835\udc22\ud835\udc1c\ud835\udc22\ud835\udc29\ud835\udc1a\ud835\udc25 \ud835\udc27.\u00ba \ud835\udfd2.\ud835\udfd0\ud835\udfd0\ud835\udfd7/\ud835\udfd0\ud835\udfce\ud835\udfd0\ud835\udfcf.</div>\r\n</div>", "author_name": "", "version": "1.0", "author_url": "https://www.crissiumal.rs.leg.br/author/adm", "provider_name": "C\u00e2mara Municipal de Vereadores de Crissiumal / RS", "type": "rich"}