{"provider_url": "https://www.crissiumal.rs.leg.br", "title": "PROJETO VEREADOR MIRIM 2022", "html": "<h2><strong>PROJETO VEREADOR MIRIM 2022</strong></h2>\r\n<p>O projeto Vereador Mirim 2022 foi amplamente divulgado nas escolas municipais e estaduais de ensino fundamental na cidade e no interior de Crissiumal.</p>\r\n<p>Esse Projeto j\u00e1 foi executado em nosso munic\u00edpio desde o ano de 2015, ele foi criado pela Resolu\u00e7\u00e3o Legislativa n.\u00ba 002/2015, que instituiu a C\u00c2MARA MIRIM na C\u00e2mara de Vereadores do Munic\u00edpio de CRISSIUMAL e teve seu Regimento Interno institu\u00eddo pela Resolu\u00e7\u00e3o Legislativa n.\u00ba 003/2015.</p>\r\n<p>Devido a pandemia mundial do Covid 19 n\u00e3o tivemos nenhuma Sess\u00e3o da Legislatura de 2019 e no ano de 2020 e 2021 n\u00e3o tivemos edi\u00e7\u00e3o desse Projeto.</p>\r\n<p>O trabalho de divulga\u00e7\u00e3o do projeto, que neste ano contemplar\u00e1 alunos do 6\u00ba ao 9\u00ba ano do Ensino Fundamental, foi\u00a0 realizado pela Diretora Geral da C\u00e2mara, Eliani Hammes e em algumas escolas do interior pela Presidente Janice Dalcin Benatti.</p>\r\n<p>A import\u00e2ncia do programa est\u00e1 baseada na estreia dos futuros eleitores de forma pr\u00e1tica na \u201cmat\u00e9ria\u201d Democracia. A ideia \u00e9 simples: formar cidad\u00e3os conscientes e respons\u00e1veis, atrav\u00e9s de li\u00e7\u00f5es pr\u00e1ticas de pol\u00edtica e cidadania, da import\u00e2ncia do voto e do poder de representa\u00e7\u00e3o pol\u00edtica, al\u00e9m da responsabilidade na tomada de decis\u00f5es.</p>\r\n<p>O cronograma do Projeto Vereador Mirim 2022 \u00e9 o seguinte:\u00a0</p>\r\n<h3>Inscri\u00e7\u00e3o: 20 a 21 de junho</h3>\r\n<h3>Campanha: 22 a 24 de junho</h3>\r\n<h3>ELEI\u00c7\u00c3O: 27 de junho</h3>\r\n<h3>DIPLOMA\u00c7\u00c3O: 04 de Julho \u00e0s 18:00 horas</h3>\r\n<p style=\"text-align: center; \"><img src=\"https://www.crissiumal.rs.leg.br/imagens/DSC_2884Copy.JPG/@@images/f584e791-04aa-40f0-aa95-0553f460845d.jpeg\" alt=\"\" class=\"image-inline\" title=\"\" /><img src=\"https://www.crissiumal.rs.leg.br/imagens/DSC_2885Copy.JPG/@@images/105fbff6-ad30-4b6b-8692-9df5ac0fd450.jpeg\" alt=\"Alcido Brust 01\" class=\"image-inline\" title=\"Alcido Brust 01\" /></p>\r\n<p style=\"text-align: center; \"><img src=\"https://www.crissiumal.rs.leg.br/imagens/DSC_2845Copy.JPG/@@images/0b55aca9-db8e-4836-862c-56cebfb99f03.jpeg\" alt=\"Benno01\" class=\"image-inline\" title=\"Benno01\" /></p>\r\n<p style=\"text-align: center; \"><img src=\"https://www.crissiumal.rs.leg.br/imagens/DSC_2846Copy.JPG/@@images/43672bb9-af2f-44f6-ab8f-59af3d142a1c.jpeg\" alt=\"Benno02\" class=\"image-inline\" title=\"Benno02\" /></p>\r\n<p style=\"text-align: center; \"><img src=\"https://www.crissiumal.rs.leg.br/imagens/DSC_2906Copy.JPG/@@images/b67817c3-9840-4a37-ab36-cb9ac53acf38.jpeg\" alt=\"Benno03\" class=\"image-inline\" title=\"Benno03\" /></p>\r\n<p style=\"text-align: center; \"><img src=\"https://www.crissiumal.rs.leg.br/imagens/DSC_2876Copy.JPG/@@images/ffca0820-1204-4730-b584-2df799c3bf3e.jpeg\" alt=\"Egon01\" class=\"image-inline\" title=\"Egon01\" /></p>\r\n<p style=\"text-align: center; \"><img src=\"https://www.crissiumal.rs.leg.br/imagens/DSC_2877Copy.JPG/@@images/a50454ac-2069-4423-b188-d1dc582fee1d.jpeg\" alt=\"Egon02\" class=\"image-inline\" title=\"Egon02\" /></p>\r\n<p style=\"text-align: center; \"><img src=\"https://www.crissiumal.rs.leg.br/imagens/DSC_2918Copy.JPG/@@images/7dfba722-7eda-43b1-b6d2-ddc4239d212d.jpeg\" alt=\"Erico01\" class=\"image-inline\" title=\"Erico01\" /></p>\r\n<p style=\"text-align: center; \"><img src=\"https://www.crissiumal.rs.leg.br/imagens/DSC_2920Copy.JPG/@@images/73bb89d8-73f4-483c-bf05-bac0b1ecdd42.jpeg\" alt=\"Erico02\" class=\"image-inline\" title=\"Erico02\" /></p>\r\n<p style=\"text-align: center; \"><img src=\"https://www.crissiumal.rs.leg.br/imagens/foto.jpg/@@images/eb3ffaa1-cf6f-4f6d-8343-6df560e21e79.jpeg\" alt=\"La Salle\" class=\"image-inline\" title=\"La Salle\" /></p>\r\n<p style=\"text-align: center; \"><img src=\"https://www.crissiumal.rs.leg.br/imagens/DSC_2860Copy.JPG/@@images/e20b9019-5b72-4a89-8238-7d1fa13e48e1.jpeg\" alt=\"Ponche01\" class=\"image-inline\" title=\"Ponche01\" /></p>\r\n<p style=\"text-align: center; \"><img src=\"https://www.crissiumal.rs.leg.br/imagens/DSC_2861Copy.JPG/@@images/43d1961d-2149-47e1-a54b-2c720411a209.jpeg\" alt=\"Ponche02\" class=\"image-inline\" title=\"Ponche02\" /></p>\r\n<p style=\"text-align: center; \"><img src=\"https://www.crissiumal.rs.leg.br/imagens/DSC_2886Copy.JPG/@@images/44139fe5-de1b-4e89-92d5-b19f135767c2.jpeg\" alt=\"Ponche03\" class=\"image-inline\" title=\"Ponche03\" /></p>\r\n<p style=\"text-align: center; \"><img src=\"https://www.crissiumal.rs.leg.br/imagens/DSC_2887Copy.JPG/@@images/28bcf741-815b-4b20-9d47-89421567d333.jpeg\" alt=\"Ponche04\" class=\"image-inline\" title=\"Ponche04\" /></p>\r\n<p style=\"text-align: center; \"><img src=\"https://www.crissiumal.rs.leg.br/imagens/DSC_2888Copy.JPG/@@images/84e729f5-7e86-4384-830d-f6864ad9d454.jpeg\" alt=\"Ponche05\" class=\"image-inline\" title=\"Ponche05\" /></p>\r\n<p style=\"text-align: center; \"><img src=\"https://www.crissiumal.rs.leg.br/imagens/copy_of_foto.jpg/@@images/d64dbbbf-85d4-4740-b2e4-959d6d92613b.jpeg\" alt=\"Riachuelo1\" class=\"image-inline\" title=\"Riachuelo1\" /></p>\r\n<p style=\"text-align: center; \"><img src=\"https://www.crissiumal.rs.leg.br/imagens/DSC_2855Copy.JPG/@@images/a190aff6-17be-48d7-b1dd-876cfb443900.jpeg\" alt=\"Rocha01\" class=\"image-inline\" title=\"Rocha01\" /></p>\r\n<p style=\"text-align: center; \"><img src=\"https://www.crissiumal.rs.leg.br/imagens/DSC_2856Copy.JPG/@@images/944c8a66-a590-40a8-9612-f6813b2e2697.jpeg\" alt=\"Rocha02\" class=\"image-inline\" title=\"Rocha02\" /></p>\r\n<p style=\"text-align: center; \"><img src=\"https://www.crissiumal.rs.leg.br/imagens/DSC_2857Copy.JPG/@@images/630741b6-04f0-497b-bf3e-510d66d892bc.jpeg\" alt=\"Rocha03\" class=\"image-inline\" title=\"Rocha03\" /></p>\r\n<p style=\"text-align: center; \"><img src=\"https://www.crissiumal.rs.leg.br/imagens/DSC_2858Copy.JPG/@@images/b55c9faa-2128-4cfa-8b9a-0103223ad023.jpeg\" alt=\"Rocha04\" class=\"image-inline\" title=\"Rocha04\" /></p>\r\n<p style=\"text-align: center; \"><img src=\"https://www.crissiumal.rs.leg.br/imagens/DSC_2873Copy.JPG/@@images/1ed49271-f74c-4938-b437-5a039597fa9b.jpeg\" alt=\"Rotermund01\" class=\"image-inline\" title=\"Rotermund01\" /></p>\r\n<p style=\"text-align: center; \"><img src=\"https://www.crissiumal.rs.leg.br/imagens/DSC_2875Copy.JPG/@@images/40a2ae7f-d9af-4d67-aace-79cf61993dde.jpeg\" alt=\"Rotermund02\" class=\"image-inline\" title=\"Rotermund02\" /></p>\r\n<p style=\"text-align: center; \"><img src=\"https://www.crissiumal.rs.leg.br/imagens/DSC_2892Copy.JPG/@@images/6ed00be5-9fdf-4e83-b526-ccb6a65af5ad.jpeg\" alt=\"Rotermund03\" class=\"image-inline\" title=\"Rotermund03\" /></p>\r\n<p style=\"text-align: center; \"><img src=\"https://www.crissiumal.rs.leg.br/imagens/Fotoparacmara.jpg/@@images/0ac3ad81-4422-4ca9-9714-9b29aa673db2.jpeg\" alt=\"Sebasti\u00e3o\" class=\"image-inline\" title=\"Sebasti\u00e3o\" /></p>\r\n<p style=\"text-align: center; \"><img src=\"https://www.crissiumal.rs.leg.br/imagens/DSC_2862Copy.JPG/@@images/4cbc5e6c-92e9-49b8-9b5a-2dbe511ec982.jpeg\" alt=\"Tuiuti\" class=\"image-inline\" title=\"Tuiuti\" /></p>\r\n<p style=\"text-align: center; \"><img src=\"https://www.crissiumal.rs.leg.br/imagens/DSC_2914Copy.JPG/@@images/80687918-6900-415a-8c08-2e8df4d1ce41.jpeg\" alt=\"Uruguai\" class=\"image-inline\" title=\"Uruguai\" /></p>\r\n<p style=\"text-align: center; \">\u00a0</p>", "author_name": "", "version": "1.0", "author_url": "https://www.crissiumal.rs.leg.br/author/adm", "provider_name": "C\u00e2mara Municipal de Vereadores de Crissiumal / RS", "type": "rich"}