{"provider_url": "https://www.crissiumal.rs.leg.br", "title": "Projeto de Lei Legislativo 014/2021", "html": "<div class=\"kvgmc6g5 cxmmr5t8 oygrvhab hcukyx3x c1et5uql ii04i59q\">\r\n<div dir=\"auto\">\ud835\udc0f\ud835\udc11\ud835\udc0e\ud835\udc09\ud835\udc04\ud835\udc13\ud835\udc0e \ud835\udc03\ud835\udc04 \ud835\udc0b\ud835\udc04\ud835\udc08 \ud835\udc03\ud835\udc04 \ud835\udc08\ud835\udc0d\ud835\udc08\ud835\udc02\ud835\udc08\ud835\udc00\ud835\udc13\ud835\udc08\ud835\udc15\ud835\udc00 \ud835\udc03\ud835\udc0e \ud835\udc0f\ud835\udc0e\ud835\udc03\ud835\udc04\ud835\udc11 \ud835\udc0b\ud835\udc04\ud835\udc06\ud835\udc08\ud835\udc12\ud835\udc0b\ud835\udc00\ud835\udc13\ud835\udc08\ud835\udc15\ud835\udc0e \ud835\udc0d.\u00ba \ud835\udfce\ud835\udfcf\ud835\udfd2/\ud835\udfd0\ud835\udfce\ud835\udfd0\ud835\udfcf, \ud835\udc03\ud835\udc04 \ud835\udc00\ud835\udc14\ud835\udc13\ud835\udc0e\ud835\udc11\ud835\udc08\ud835\udc00 \ud835\udc03\ud835\udc0e \ud835\udc15\ud835\udc04\ud835\udc11\ud835\udc04\ud835\udc00\ud835\udc03\ud835\udc0e\ud835\udc11 \ud835\udc11\ud835\udc00\ud835\udc05\ud835\udc00\ud835\udc04\ud835\udc0b \ud835\udc0c\ud835\udc04\ud835\udc03\ud835\udc08\ud835\udc0d\ud835\udc00</div>\r\n</div>\r\n<div class=\"o9v6fnle cxmmr5t8 oygrvhab hcukyx3x c1et5uql ii04i59q\">\r\n<div dir=\"auto\" style=\"text-align: justify; \">Na ultima Sess\u00e3o Legislativa Ordin\u00e1ria o \ud835\udc15\ud835\udc1e\ud835\udc2b\ud835\udc1e\ud835\udc1a\ud835\udc1d\ud835\udc28\ud835\udc2b \ud835\udc11\ud835\udc00\ud835\udc05\ud835\udc00\ud835\udc04\ud835\udc0b \ud835\udc0c\ud835\udc04\ud835\udc03\ud835\udc08\ud835\udc0d\ud835\udc00 (\ud835\udc0f\ud835\udc12\ud835\udc01) apresentou o Projeto de Lei 014/2021 que visa denominar o nome do Centro Comunit\u00e1rio do Bairro Paraiso de \ud835\udc02\ud835\udc04\ud835\udc0d\ud835\udc13\ud835\udc11\ud835\udc0e \ud835\udc02\ud835\udc0e\ud835\udc0c\ud835\udc14\ud835\udc0d\ud835\udc08\ud835\udc13\ud835\udc00\u0301\ud835\udc11\ud835\udc08\ud835\udc0e \ud835\udc00\ud835\udc0f\ud835\udc00\ud835\udc11\ud835\udc08\ud835\udc02\ud835\udc08\ud835\udc0e \ud835\udc02\ud835\udc00\ud835\udc0c\ud835\udc0f\ud835\udc0e\ud835\udc12 \ud835\udc02\ud835\udc07\ud835\udc00\ud835\udc15\ud835\udc04\ud835\udc12.</div>\r\n<div dir=\"auto\" style=\"text-align: justify; \">Na justificativa do Projeto o Vereador relata que o Senhor Apar\u00edcio Campos Chaves foi um l\u00edder comunit\u00e1rio do Bairro Para\u00edso sendo um dos respons\u00e1veis pela constru\u00e7\u00e3o do centro e membro ativo daquela comunidade, sempre disposto a auxiliar nas demandas individuais e coletivas dos moradores.</div>\r\n<div dir=\"auto\" style=\"text-align: justify; \">Essa singela homenagem a esse antigo lider comunit\u00e1rio \u00e9 tamb\u00e9m uma forma de homenagear todos os que se dedicaram e se dedicam a causa comunit\u00e1ria durante todos esses anos, que defendem o interesse da popula\u00e7\u00e3o local e que trabalham e se esfor\u00e7am pelo bem do seu povo, desta forma estimulando para que novos representantes surjam para o bem da comunidade.</div>\r\n<div dir=\"auto\" style=\"text-align: justify; \">Dar um nome para o centro comunit\u00e1rio do Bairro Paraiso, nesse momento quando o pr\u00e9dio esta sendo reformado pelo Munic\u00edpio, contribuir\u00e1 e estimular\u00e1 ainda mais o processo de organiza\u00e7\u00e3o comunit\u00e1ria local, com a retomada da escolha dos representantes da comunidade atrav\u00e9s de uma diretoria e a manuten\u00e7\u00e3o desta.</div>\r\n<div dir=\"auto\" style=\"text-align: justify; \">Apar\u00edcio Campos Chaves, nasceu em 18 de dezembro de 1912, era esposo da Sra. Olinda de Brito, com quem teve cinco filhos, Marli, Marlene, Beatriz, Nelsi e Darci de Brito Chaves, e faleceu no dia 07 de abril de 1991.</div>\r\n</div>\r\n<div class=\"o9v6fnle cxmmr5t8 oygrvhab hcukyx3x c1et5uql ii04i59q\">\r\n<div dir=\"auto\" style=\"text-align: justify; \">O Projeto de Lei foi aprovado por unanimidade pelos Vereadores e aguarda ser sancionado pelo Prefeito Municipal.</div>\r\n</div>", "author_name": "Interlegis", "version": "1.0", "author_url": "https://www.crissiumal.rs.leg.br/author/Interlegis", "provider_name": "C\u00e2mara Municipal de Vereadores de Crissiumal / RS", "type": "rich"}