{"provider_url": "https://www.crissiumal.rs.leg.br", "title": "Reuni\u00e3o Comitiva M\u00e9dicos", "html": "<div dir=\"auto\">No final da tarde, todos os nove Vereadores, receberam a visita de uma comitiva de profissionais da sa\u00fade, cinco m\u00e9dicos e o anestesista, todos do Hospital de Caridade de Crissiumal.</div>\r\n<div dir=\"auto\"></div>\r\n<div dir=\"auto\">Estavam presentes os m\u00e9dicos <strong>Dr. Bonotto, Dr. Martin, Dr. Glic\u00e9rio, Dra. Sandra, Dra. Rosa e o anestesista Dr. Augusto</strong>.</div>\r\n<div dir=\"auto\"></div>\r\n<div dir=\"auto\">O encontro foi muito proveitoso, nele foram tratados diversos assuntos, sanadas v\u00e1rias d\u00favidas, uma troca franca de ideias, opini\u00f5es, sugest\u00f5es, que est\u00e3o alinhadas para o bem de nossa comunidade.</div>\r\n<div dir=\"auto\"></div>\r\n<div dir=\"auto\">O reconhecimento dos vereadores pelos servi\u00e7os prestados por esses profissionais da sa\u00fade para nossa comunidade sempre foi evidenciado por todos os edis. Ontem n\u00e3o foi diferente.</div>\r\n<div dir=\"auto\"></div>\r\n<div dir=\"auto\">Ao final, os vereadores, como sempre, firmaram um compromisso ainda maior em buscar recursos para o nosso Hospital de Caridade melhorando ainda mais o servi\u00e7o prestado por essa entidade t\u00e3o importante do nosso munic\u00edpio e consequentemente os servi\u00e7os prestados por esses profissionais.</div>\r\n<div dir=\"auto\"></div>\r\n<div dir=\"auto\">Fica o agradecimento aos m\u00e9dicos presentes e ao Vereador Rafael Medina (PSB) que recebeu o contato do Dr. Martin e estendeu o convite para uma reuni\u00e3o com os demais colegas vereadores.</div>\r\n<div dir=\"auto\"><img src=\"https://www.crissiumal.rs.leg.br/institucional/fotos/DSC_2485.JPG/@@images/ef396d07-844a-403e-8273-969226a15344.jpeg\" alt=\"reuniaomedicos1\" class=\"image-inline\" title=\"reuniaomedicos1\" /><img src=\"https://www.crissiumal.rs.leg.br/institucional/fotos/DSC_2489.JPG/@@images/dac75668-f131-4f50-bdbb-3148782858b0.jpeg\" alt=\"reuniaomedicos2\" class=\"image-inline\" title=\"reuniaomedicos2\" /></div>", "author_name": "", "version": "1.0", "author_url": "https://www.crissiumal.rs.leg.br/author/adm", "provider_name": "C\u00e2mara Municipal de Vereadores de Crissiumal / RS", "type": "rich"}