{"provider_url": "https://www.crissiumal.rs.leg.br", "title": "REUNI\u00c3O COMSEG", "html": "<div class=\"kvgmc6g5 cxmmr5t8 oygrvhab hcukyx3x c1et5uql ii04i59q\">\r\n<div dir=\"auto\"><span>Os Vereadores \ud835\udc03\ud835\udc22\ud835\udc25\ud835\udc2c\ud835\udc28\ud835\udc27 \ud835\udc19\ud835\udc22\ud835\udc26\ud835\udc26\ud835\udc1e\ud835\udc2b\ud835\udc26\ud835\udc1a\ud835\udc27\ud835\udc27 (\ud835\udc0f\ud835\udc0e\ud835\udc03\ud835\udc04\ud835\udc0c\ud835\udc0e\ud835\udc12), \ud835\udc09\ud835\udc1a\ud835\udc27\ud835\udc22\ud835\udc1c\ud835\udc1e \ud835\udc01\ud835\udc1e\ud835\udc27\ud835\udc1a\ud835\udc2d\ud835\udc2d\ud835\udc22 (\ud835\udc0f\ud835\udc12\ud835\udc03), \ud835\udc0b\ud835\udc1e\ud835\udc28\ud835\udc26\ud835\udc1a\ud835\udc2b \ud835\udc0a\ud835\udc1a\ud835\udc29\ud835\udc29\ud835\udc1a\ud835\udc2e\ud835\udc27 (\ud835\udc0f\ud835\udc12\ud835\udc01) \ud835\udc1e \ud835\udc15\ud835\udc1a\ud835\udc25\ud835\udc1e\u0301\ud835\udc2b\ud835\udc22\ud835\udc28 \ud835\udc11\ud835\udc2e\ud835\udc29\ud835\udc29\ud835\udc1e\ud835\udc27\ud835\udc2d\ud835\udc21\ud835\udc1a\ud835\udc25 (\ud835\udc0f\ud835\udc0e\ud835\udc03\ud835\udc04\ud835\udc0c\ud835\udc0e\ud835\udc12) estiveram reunidos na noite de ontem, 07-12-2021, nas depend\u00eancias da C\u00e2mara Municipal de Vereadores de Crissiumal com os integrantes do \ud835\udc02\ud835\udc0e\ud835\udc0c\ud835\udc12\ud835\udc04\ud835\udc06 - \ud835\udc02\ud835\udc28\ud835\udc27\ud835\udc2c\ud835\udc1e\ud835\udc25\ud835\udc21\ud835\udc28 \ud835\udc0c\ud835\udc2e\ud835\udc27\ud835\udc22\ud835\udc1c\ud835\udc22\ud835\udc29\ud835\udc1a\ud835\udc25 \ud835\udc1d\ud835\udc1e \ud835\udc12\ud835\udc1e\ud835\udc20\ud835\udc2e\ud835\udc2b\ud835\udc1a\ud835\udc27\ud835\udc1c\u0327\ud835\udc1a \ud835\udc0f\ud835\udc2e\u0301\ud835\udc1b\ud835\udc25\ud835\udc22\ud835\udc1c\ud835\udc1a.</span></div>\r\n<div dir=\"auto\"><span><br /></span></div>\r\n</div>\r\n<div class=\"cxmmr5t8 oygrvhab hcukyx3x c1et5uql o9v6fnle ii04i59q\">\r\n<div dir=\"auto\">Nesse encontro foi debatido o plano de a\u00e7\u00e3o que o COMSEG est\u00e1 terminando de organizar. O objetivo do plano de a\u00e7\u00e3o, num primeiro momento, \u00e9 fazer com que o municipio de Crissiumal tenha o monitoramento de alguns locais espec\u00edficos, por exemplo, redondezas de escolas, creches, pra\u00e7as, determinadas ruas de alguns bairros. Os locais ainda n\u00e3o foram totalmente definidos e para isso o COMSEG tem o apoio da Brigada Militar e Policia Civil.</div>\r\n<div dir=\"auto\"></div>\r\n</div>\r\n<div class=\"cxmmr5t8 oygrvhab hcukyx3x c1et5uql o9v6fnle ii04i59q\">\r\n<div dir=\"auto\">Participaram da reuni\u00e3o o Presidente do COMSEG Paulo Andr\u00e9 Kals, representantes da Brigada Militar Tenente Mauro Luis Simm de Faveri e Sargento Roseli Teresinha M\u00fcnchen, representante do Poder Executivo Diego Schuh, representante do Hospital de Caridade, Rafael Brackmann e representante do Conselho Tutelar Sabrini Kappaun.</div>\r\n<div dir=\"auto\"></div>\r\n<div dir=\"auto\"><span>Ao final os vereadores presentes colocaram-se a disposi\u00e7\u00e3o do COMSEG, tamb\u00e9m levar\u00e3o a demanda aos outros Vereadores afim de, juntos, conseguirem algum repasse financeiro para a concretiza\u00e7\u00e3o desse plano.</span></div>\r\n<div dir=\"auto\"><img src=\"https://www.crissiumal.rs.leg.br/institucional/fotos/DSC_2719.JPG/@@images/9a858ff3-9100-4659-bcc9-a28613a4af18.jpeg\" alt=\"Reuni\u00e3o COMSEG\" class=\"image-inline\" title=\"Reuni\u00e3o COMSEG\" /><img src=\"https://www.crissiumal.rs.leg.br/institucional/fotos/DSC_2720.JPG/@@images/3546c21d-c7d5-4bfa-8e64-c3354282f4ee.jpeg\" alt=\"Reuni\u00e3o COMSEG\" class=\"image-inline\" title=\"Reuni\u00e3o COMSEG\" /></div>\r\n</div>", "author_name": "", "version": "1.0", "author_url": "https://www.crissiumal.rs.leg.br/author/adm", "provider_name": "C\u00e2mara Municipal de Vereadores de Crissiumal / RS", "type": "rich"}