{"provider_url": "https://www.crissiumal.rs.leg.br", "title": "SOLENIDADE PROGRAMA AVAN\u00c7AR NO ESPORTE e CONSULTA AO IGAM", "html": "<div class=\"kvgmc6g5 cxmmr5t8 oygrvhab hcukyx3x c1et5uql ii04i59q\">\r\n<div dir=\"auto\" style=\"text-align: justify; \"><span>A Presidente da C\u00e2mara Municipal de Vereadores, <strong>Vereadora Janice Dalcin Benatti - PSD</strong> a convite do Governador do Estado Senhor Eduardo Leite e do Secret\u00e1rio do Estado do Esporte e Lazer Senhor Danrlei de Deus Hinterholz, esteve representando o Legislativo Crissiumalense na solenidade de Divulga\u00e7\u00e3o dos Resultados do Programa Avan\u00e7ar no Esporte do Governo Estadual no dia 10 de fevereiro, juntamente com o <strong>Vereador Dilson Zimmermann - PODEMOS</strong> que esteve representando o Executivo Municipal no evento a pedido do Prefeito Municipal Marco Aurelio Nedel.</span></div>\r\n<div dir=\"auto\" style=\"text-align: justify; \"><span><br /></span></div>\r\n</div>\r\n<div class=\"cxmmr5t8 oygrvhab hcukyx3x c1et5uql o9v6fnle ii04i59q\">\r\n<div dir=\"auto\" style=\"text-align: justify; \">Aproveitando o dia na Capital, na parte da tarde, os Vereadores acima citados foram at\u00e9 a sede do <strong>IGAM - Instituto Gamma de Assessoria a \u00d3rg\u00e3os P\u00fablicos</strong> onde estiveram reunidos com os Consultores Jur\u00eddicos Thiago Arnauld e Vanessa Demetrio e com a supervisora do setor Comercial, Bibiana Tonial, para tratar diversos assuntos como, por exemplo, di\u00e1rias, vac\u00e2ncia de cargo p\u00fablico, compensa\u00e7\u00e3o de hor\u00e1rios e f\u00e9rias de servidores, reforma da Lei Org\u00e2nica e Regimento Interno e outros para a melhor administra\u00e7\u00e3o do Legislativo Crissiumalense.</div>\r\n<div dir=\"auto\" style=\"text-align: justify; \"><img src=\"https://www.crissiumal.rs.leg.br/institucional/fotos/PHOTO20220211082913A.jpg/@@images/43ef0c26-4c40-425a-8623-04e6cc4732dc.jpeg\" alt=\"Reuni\u00e3o IGAM\" class=\"image-inline\" title=\"Reuni\u00e3o IGAM\" /></div>\r\n</div>", "author_name": "", "version": "1.0", "author_url": "https://www.crissiumal.rs.leg.br/author/adm", "provider_name": "C\u00e2mara Municipal de Vereadores de Crissiumal / RS", "type": "rich"}