{"provider_url": "https://www.crissiumal.rs.leg.br", "title": "REUNI\u00c3O DIRETORIA ABEMEC", "html": "<p style=\"text-align: center; \"><strong>REUNI\u00c3O DIRETORIA ABEMEC</strong></p>\r\n<p style=\"text-align: justify; \">Os Vereadores <strong>Almiro dos Santos - PSB</strong>, <strong>Gilberto Volpatto - PP</strong>, V<strong>al\u00e9rio Ruppenthal - PODEMOS</strong> e a Presidente do Legislativo Vereadora J<strong>anice Dalcin Benatti - PSD</strong>, acompanhados do Assessor Jur\u00eddico <strong>Dr. Christian St\u00fcrmer</strong>, participaram, na noite de ontem, as 19h na sede da C\u00e2mara Municipal de Vereadores de uma importante reuni\u00e3o com a Diretoria Executiva da ABEMEC.\u00a0<span>O Vereador Vilmar Dutra - PP e a Vereadora Elisia Tormes - MDB estavam em consulta m\u00e9dica fora do munic\u00edpio n\u00e3o podendo participar da reuni\u00e3o.</span></p>\r\n<p style=\"text-align: justify; \">Essa importante reuni\u00e3o aconteceu \u00e0 pedido da Entidade ABEMEC que, atrav\u00e9s de sua Diretoria, explanou aos presentes as atividades desenvolvidas, o balancete at\u00e9 o m\u00eas de outubro e aproveitando a oportunidade destacou os problemas financeiros que a Entidade enfrenta \u00e0 cerca de despesas funcionais. A ABEMEC encaminha todo m\u00eas a C\u00e2mara Municipal de Vereadores balancete das despesas mensais.</p>\r\n<p style=\"text-align: justify; \">Ap\u00f3s a explana\u00e7\u00e3o de todos os valores e despesas a <strong>Presidente da Entidade Luciane Fatima Schneider</strong> demonstrou que, para o ano de 2023 a entidade ter\u00e1 uma diminui\u00e7\u00e3o de recursos, pois este ano, o Governo Federal, atrav\u00e9s do termo de parceria com a Assist\u00eancia Social destinou R$ 100.000,00 (cem mil reais) com finalidade ao enfrentamento da pandemia do COVID 19. Ao qual foi extrema import\u00e2ncia para manter o atendimento da ABEMEC.</p>\r\n<p style=\"text-align: justify; \">J\u00e1 para o ano de 2023 este valor n\u00e3o est\u00e1 previsto. A Diretoria explicou que esse recurso foi um extra recebido pela Entidade, que sem outra fonte de recurso para suprir este valor, a continuidade dos servi\u00e7os prestados pela ABEMEC para o pr\u00f3ximo ano ir\u00e3o ficar limitados. A ABEMEC atende hoje cerca de 250 Crian\u00e7as e Adolescentes, tendo lista de espera por vagas. A mesma conta com dois n\u00facleos, um no Bairro Para\u00edso e outro no Bairro Mirim.</p>\r\n<p style=\"text-align: justify; \">Ap\u00f3s a explana\u00e7\u00e3o os Vereadores presentes se comprometeram a levar essa demanda aos demais Edis, para que juntos, todos os Vereadores possam se engajar para tentar solucionar esse problema dessa importante Entidade de nosso munic\u00edpio.</p>\r\n<p style=\"text-align: center; \"><img src=\"https://www.crissiumal.rs.leg.br/imagens/Foto2.JPG/@@images/3f28f809-0838-472a-9329-4df7c147e677.jpeg\" alt=\"Reuni\u00e3o ABEMEC1\" class=\"image-inline\" title=\"Reuni\u00e3o ABEMEC1\" /></p>", "author_name": "", "version": "1.0", "author_url": "https://www.crissiumal.rs.leg.br/author/adm", "provider_name": "C\u00e2mara Municipal de Vereadores de Crissiumal / RS", "type": "rich"}