{"provider_url": "https://www.crissiumal.rs.leg.br", "title": "Reuni\u00e3o Diretoria Escolinha Rubro Negra", "html": "<div data-block=\"true\" data-editor=\"4gs51\" data-offset-key=\"4p60s-0-0\">\r\n<div class=\"_1mf _1mj\" style=\"text-align: justify; \" data-offset-key=\"4p60s-0-0\"><span data-offset-key=\"4p60s-0-0\">A \ud835\udc15\ud835\udc1e\ud835\udc2b\ud835\udc1e\ud835\udc1a\ud835\udc1d\ud835\udc28\ud835\udc2b\ud835\udc1a \ud835\udc09\ud835\udc1a\ud835\udc27\ud835\udc22\ud835\udc1c\ud835\udc1e \ud835\udc03\ud835\udc1a\ud835\udc25\ud835\udc1c\ud835\udc22\ud835\udc27 \ud835\udc01\ud835\udc1e\ud835\udc27\ud835\udc1a\ud835\udc2d\ud835\udc2d\ud835\udc22 (\ud835\udc0f\ud835\udc12\ud835\udc03) \ud835\udc0f\ud835\udc2b\ud835\udc1e\ud835\udc2c\ud835\udc22\ud835\udc1d\ud835\udc1e\ud835\udc27\ud835\udc2d\ud835\udc1e \ud835\udc1d\ud835\udc1a \ud835\udc02\ud835\udc1a\u0302\ud835\udc26\ud835\udc1a\ud835\udc2b\ud835\udc1a \ud835\udc0c\ud835\udc2e\ud835\udc27\ud835\udc22\ud835\udc1c\ud835\udc22\ud835\udc29\ud835\udc1a\ud835\udc25 \ud835\udc1d\ud835\udc1e \ud835\udc15\ud835\udc1e\ud835\udc2b\ud835\udc1e\ud835\udc1a\ud835\udc1d\ud835\udc28\ud835\udc2b\ud835\udc1e\ud835\udc2c \ud835\udc1d\ud835\udc1e \ud835\udc02\ud835\udc2b\ud835\udc22\ud835\udc2c\ud835\udc2c\ud835\udc22\ud835\udc2e\ud835\udc26\ud835\udc1a\ud835\udc25, recebeu, ontem, as 18:00 horas, na sala de reuni\u00f5es da C\u00e2mara Municipal a nova \ud835\udc03\ud835\udc22\ud835\udc2b\ud835\udc1e\ud835\udc2d\ud835\udc28\ud835\udc2b\ud835\udc22\ud835\udc1a \ud835\udc1d\ud835\udc1a \ud835\udc04\ud835\udc2c\ud835\udc1c\ud835\udc28\ud835\udc25\ud835\udc22\ud835\udc27\ud835\udc21\ud835\udc1a \ud835\udc11\ud835\udc2e\ud835\udc1b\ud835\udc2b\ud835\udc28 \ud835\udc0d\ud835\udc1e\ud835\udc20\ud835\udc2b\ud835\udc1a.</span></div>\r\n<div class=\"_1mf _1mj\" style=\"text-align: justify; \" data-offset-key=\"4p60s-0-0\"><span data-offset-key=\"4p60s-0-0\"><br /></span></div>\r\n</div>\r\n<div style=\"text-align: justify; \" data-block=\"true\" data-editor=\"4gs51\" data-offset-key=\"fdvk-0-0\">\r\n<div class=\"_1mf _1mj\" data-offset-key=\"fdvk-0-0\"><span data-offset-key=\"fdvk-0-0\">Como noticiado pelo <strong>Site Guia Crissiumal,</strong> a <strong>Escolinha Rubro Negra</strong> retomou suas atividades a partir do dia <strong>16 de outubro</strong> desse ano, pois, devido a pandemia da Covid 19 ficou mais de um ano e meio paralisada, juntamente a isso, em Noticia divulgada no mesmo site acima citado, os coordenadores anteriores anunciaram suas sa\u00eddas da coordena\u00e7\u00e3o.</span></div>\r\n<div class=\"_1mf _1mj\" data-offset-key=\"fdvk-0-0\"><span data-offset-key=\"fdvk-0-0\"><br /></span></div>\r\n</div>\r\n<div style=\"text-align: justify; \" data-block=\"true\" data-editor=\"4gs51\" data-offset-key=\"bnk4l-0-0\">\r\n<div class=\"_1mf _1mj\" data-offset-key=\"bnk4l-0-0\"><span data-offset-key=\"bnk4l-0-0\">Nessa reuni\u00e3o participaram o <strong>Presidente Julio Stohr, Tesoureira: Elizete Ritter Sulzbach e os Fiscais: Persio Schweig e Marcelo Correa,</strong> onde relataram as dificuldades encontradas nesse inicio de trabalho, como falta de equipamentos essenciais (bolas, coletes, cones e outros), e que hoje, os treinamentos acontecem devido a ajuda de v\u00e1rias empresas do Munic\u00edpio.</span></div>\r\n<div class=\"_1mf _1mj\" data-offset-key=\"bnk4l-0-0\"><span data-offset-key=\"bnk4l-0-0\"><br /></span></div>\r\n</div>\r\n<div style=\"text-align: justify; \" data-block=\"true\" data-editor=\"4gs51\" data-offset-key=\"6qlhv-0-0\">\r\n<div class=\"_1mf _1mj\" data-offset-key=\"6qlhv-0-0\"><span data-offset-key=\"6qlhv-0-0\">A entidade foi fundada em 2010 e se destaca na regi\u00e3o pelos in\u00fameros t\u00edtulos nas categorias de base, al\u00e9m da forma\u00e7\u00e3o de in\u00fameros atletas e cidad\u00e3os e hoje atende 40 crian\u00e7as de nosso munic\u00edpio.</span></div>\r\n<div class=\"_1mf _1mj\" data-offset-key=\"6qlhv-0-0\"><span data-offset-key=\"6qlhv-0-0\"><br /></span></div>\r\n</div>\r\n<div data-block=\"true\" data-editor=\"4gs51\" data-offset-key=\"amp2o-0-0\">\r\n<div class=\"_1mf _1mj\" style=\"text-align: justify; \" data-offset-key=\"amp2o-0-0\"><span data-offset-key=\"amp2o-0-0\">A Vereadora Janice colocou-se a disposi\u00e7\u00e3o e disse que levar\u00e1 a demanda aos outros Vereadores afim de, juntos, conseguirem algum repasse financeiro a essa entidade e ao Secret\u00e1rio de Esportes do Rio Grande do Sul, Danrlei de Deus Hinterholz para poss\u00edvel cadastro e contempla\u00e7\u00e3o da Escolinha Rubro Negra no Projeto Avan\u00e7ar no Esporte, projeto lan\u00e7ado h\u00e1 poucos dias e que destinar\u00e1 R$ 54,7 milh\u00f5es a projetos estrat\u00e9gicos da Secretaria do Esporte e Lazer, que contemplam desde melhorias e reformas em espa\u00e7os esportivos em munic\u00edpios do Rio Grande do Sul at\u00e9 a promo\u00e7\u00e3o de eventos desportivos.</span></div>\r\n</div>\r\n<div data-block=\"true\" data-editor=\"4gs51\" data-offset-key=\"eujsc-0-0\">\r\n<div class=\"_1mf _1mj\" data-offset-key=\"eujsc-0-0\"><span data-offset-key=\"eujsc-0-0\"><br data-text=\"true\" /></span></div>\r\n</div>\r\n<div data-block=\"true\" data-editor=\"4gs51\" data-offset-key=\"coaln-0-0\">\r\n<div class=\"_1mf _1mj\" data-offset-key=\"coaln-0-0\"><strong><span data-offset-key=\"coaln-0-0\">Not\u00edcias do Site Guia Crissiumal:</span></strong></div>\r\n</div>\r\n<div data-block=\"true\" data-editor=\"4gs51\" data-offset-key=\"8hl25-0-0\">\r\n<div class=\"_1mf _1mj\" data-offset-key=\"8hl25-0-0\"><span class=\"py34i1dx\"><a class=\"external-link\" href=\"https://guiacrissiumal.com.br/noticias/14-01-2021-Em-nota,-Keko-e-Neco-anunciam-saida-da-Escolinha-Rubro_Negra,-depois-de-10-anos-na-coordenacao\" target=\"_self\" title=\"\">https://guiacrissiumal.com.br/noticias/14-01-2021-Em-nota,-Keko-e-Neco-anunciam-saida-da-Escolinha-Rubro_Negra,-depois-de-10-anos-na-coordenacao</a></span></div>\r\n</div>\r\n<div data-block=\"true\" data-editor=\"4gs51\" data-offset-key=\"5ldhg-0-0\">\r\n<div class=\"_1mf _1mj\" data-offset-key=\"5ldhg-0-0\"><span class=\"py34i1dx\"><a class=\"external-link\" href=\"https://guiacrissiumal.com.br/noticias/08-10-2021-Com-nova-direcao-e-coordenacao,-treinamentos-da-Escolinha-Rubro_Negra-iniciam-no-dia-16\" target=\"_self\" title=\"\">https://guiacrissiumal.com.br/noticias/08-10-2021-Com-nova-direcao-e-coordenacao,-treinamentos-da-Escolinha-Rubro_Negra-iniciam-no-dia-16</a></span></div>\r\n<div class=\"_1mf _1mj\" data-offset-key=\"5ldhg-0-0\"><span class=\"py34i1dx\"><img src=\"https://www.crissiumal.rs.leg.br/institucional/fotos/DSC_2678ok.JPG/@@images/993a2796-65d3-4e1a-bb8e-409f09f3ba87.jpeg\" alt=\"reuniaoescolarubro\" class=\"image-inline\" title=\"reuniaoescolarubro\" /></span></div>\r\n</div>", "author_name": "", "version": "1.0", "author_url": "https://www.crissiumal.rs.leg.br/author/adm", "provider_name": "C\u00e2mara Municipal de Vereadores de Crissiumal / RS", "type": "rich"}