{"provider_url": "https://www.crissiumal.rs.leg.br", "title": "Reuni\u00e3o PPA e LDO", "html": "<div dir=\"auto\">Na noite de hoje, nas depend\u00eancias da C\u00e2mara Municipal de Vereadores, os vereadores reuniram-se para debater sobre o Plano Plurianual 2022 \u2013 2025 e a Lei de Diretrizes Or\u00e7ament\u00e1rias 2022, as quais est\u00e3o baixadas nas Comiss\u00f5es Permanentes.</div>\r\n<div dir=\"auto\" style=\"text-align: justify; \">A convite dos Vereadores o Secret\u00e1rio Municipal de Fazenda Senhor Vanderlei Morschbacher juntamente com a Contadora da Prefeitura Senhora D\u00e9bora Thalheimer participaram dessa importante reuni\u00e3o.</div>\r\n<div dir=\"auto\" style=\"text-align: justify; \"></div>\r\n<div dir=\"auto\" style=\"text-align: justify; \">O Plano Plurianual \u2013 PPA \u00e9 um instrumento de planejamento de m\u00e9dio prazo, que estabelece as diretrizes, objetivos e metas da Administra\u00e7\u00e3o p\u00fablica ao longo de um per\u00edodo de quatro anos. Ele deve ser elaborado no primeiro ano do mandato do gestor municipal. O PPA reflete as politicas publicas e organiza a atua\u00e7\u00e3o governamental por meio de Programas, Projetos e Atividades.</div>\r\n<div dir=\"auto\" style=\"text-align: justify; \">A Lei de Diretrizes Or\u00e7ament\u00e1rias (LDO) \u00e9 a lei que cont\u00e9m o planejamento da elabora\u00e7\u00e3o do or\u00e7amento (LOA) do munic\u00edpio para o ano seguinte, estabelecendo prioridades e metas a partir de um refinamento do Plano Plurianual.</div>\r\n<div dir=\"auto\" style=\"text-align: justify; \"></div>\r\n<div dir=\"auto\" style=\"text-align: justify; \">A reuni\u00e3o al\u00e9m de muito produtiva, foi esclarecedora, onde todos puderam tirar suas duvidas a cerca do que esta sendo previsto para os exerc\u00edcios de 2022 at\u00e9 2025.</div>\r\n<div dir=\"auto\"></div>\r\n<div dir=\"auto\" style=\"text-align: justify; \">Ao final, os vereadores presentes agradeceram a excelente explana\u00e7\u00e3o e a disponibilidade dos funcion\u00e1rios p\u00fablicos presentes.</div>\r\n<div dir=\"auto\"><img src=\"https://www.crissiumal.rs.leg.br/institucional/fotos/PPA2.jpg/@@images/a2935a3c-612f-4c0f-a043-528ac8170ceb.jpeg\" alt=\"PPA2\" class=\"image-inline\" title=\"PPA2\" /></div>", "author_name": "", "version": "1.0", "author_url": "https://www.crissiumal.rs.leg.br/author/adm", "provider_name": "C\u00e2mara Municipal de Vereadores de Crissiumal / RS", "type": "rich"}