{"provider_url": "https://www.crissiumal.rs.leg.br", "title": "Reuni\u00e3o Representantes Idosos Crissiumal", "html": "<div dir=\"auto\">Na manh\u00e3 de hoje os vereadores \ud835\udc68\ud835\udc8d\ud835\udc8e\ud835\udc8a\ud835\udc93\ud835\udc90 \ud835\udc85\ud835\udc90\ud835\udc94 \ud835\udc7a\ud835\udc82\ud835\udc8f\ud835\udc95\ud835\udc90\ud835\udc94 (\ud835\udc77\ud835\udc7a\ud835\udc69), \ud835\udc6c\ud835\udc8d\ud835\udc8a\ud835\udc94\ud835\udc8a\ud835\udc82 \ud835\udc7b\ud835\udc90\ud835\udc93\ud835\udc8e\ud835\udc86\ud835\udc94 (\ud835\udc74\ud835\udc6b\ud835\udc69), \ud835\udc79\ud835\udc82\ud835\udc87\ud835\udc82\ud835\udc86\ud835\udc8d \ud835\udc74\ud835\udc86\ud835\udc85\ud835\udc8a\ud835\udc8f\ud835\udc82 (\ud835\udc77\ud835\udc7a\ud835\udc69), \ud835\udc77\ud835\udc82\ud835\udc96\ud835\udc8d\ud835\udc90 \ud835\udc74\ud835\udc90\ud835\udc82\ud835\udc84\ud835\udc8a\ud835\udc93 \ud835\udc6f\ud835\udc82\ud835\udc82\ud835\udc94 (\ud835\udc74\ud835\udc6b\ud835\udc69) \ud835\udc86 \ud835\udc7d\ud835\udc8a\ud835\udc8d\ud835\udc8e\ud835\udc82\ud835\udc93 \ud835\udc6b\ud835\udc96\ud835\udc95\ud835\udc93\ud835\udc82 (\ud835\udc77\ud835\udc77) receberam a visita de uma comitiva de representantes de Grupos de Idosos da cidade e do interior de nosso munic\u00edpio.</div>\r\n<div dir=\"auto\">Nesse encontro foram debatidos os protocolos sanit\u00e1rios, bem como libera\u00e7\u00e3o de Alvar\u00e1s dos Bombeiros em pr\u00e9dios que s\u00e3o usados por esses grupos.</div>\r\n<div dir=\"auto\">Ap\u00f3s explana\u00e7\u00e3o inicial, foram convidados a participar da reuni\u00e3o o Secretario de Industria e Com\u00e9rcio Paulo Cavalcanti e a Secret\u00e1ria de Assist\u00eancia Social \u2013 Primeira Dama Vera Nedel. Ap\u00f3s uma conversa esclarecedora e muito bem intencionada de todos, os Secret\u00e1rios Municipais presentes se comprometeram a intensificar os tr\u00e2mites para que o pedido de Alvar\u00e1 dos Bombeiros nos pr\u00e9dios municipais seja liberado.</div>\r\n<div dir=\"auto\">Da mesma forma os vereadores presentes se comprometeram a fazer uma visita ao Batalh\u00e3o dos Bombeiros em Tr\u00eas Passos e a Iju\u00ed, afim de saber em que situa\u00e7\u00e3o encontra-se os pedidos para que os processos sejam agilizados.</div>\r\n<div dir=\"auto\">Os vereadores Almiro dos Santos (PSB), Elisia Tormes (MDB) Rafael Medina (PSB), Paulo Moacir Haas (MDB) e Vilmar Dutra (PP) agradecem a participa\u00e7\u00e3o de todos e se colocam a disposi\u00e7\u00e3o de toda a comunidade crissiumalense.</div>\r\n<div dir=\"auto\"><img src=\"https://www.crissiumal.rs.leg.br/institucional/fotos/DSC_2509.JPG/@@images/c72f8109-9519-4ddf-bfe2-04ca0c96b97a.jpeg\" alt=\"reuniaoidosos1\" class=\"image-inline\" title=\"reuniaoidosos1\" /><img src=\"https://www.crissiumal.rs.leg.br/institucional/fotos/DSC_2513.JPG/@@images/fcf2c181-1b62-42c2-8d18-dfc9fe8d857a.jpeg\" alt=\"reuniaoidosos2\" class=\"image-inline\" title=\"reuniaoidosos2\" /></div>", "author_name": "", "version": "1.0", "author_url": "https://www.crissiumal.rs.leg.br/author/adm", "provider_name": "C\u00e2mara Municipal de Vereadores de Crissiumal / RS", "type": "rich"}