{"provider_url": "https://www.crissiumal.rs.leg.br", "title": "REUNI\u00c2O VEREADORES DIRETORIA GEMP", "html": "<div dir=\"auto\">Na dia de ontem, as 18:00 horas, na sala da reuni\u00f5es da C\u00e2mara Municipal de Vereadores, os vereadores \ud835\udc09\ud835\udc1a\ud835\udc27\ud835\udc22\ud835\udc1c\ud835\udc1e \ud835\udc03\ud835\udc1a\ud835\udc25\ud835\udc1c\ud835\udc22\ud835\udc27 \ud835\udc01\ud835\udc1e\ud835\udc27\ud835\udc1a\ud835\udc2d\ud835\udc2d\ud835\udc22 - \ud835\udc0f\ud835\udc12\ud835\udc03, \ud835\udc11\ud835\udc1a\ud835\udc1f\ud835\udc1a\ud835\udc1e\ud835\udc25 \ud835\udc0c\ud835\udc1e\ud835\udc1d\ud835\udc22\ud835\udc27\ud835\udc1a - \ud835\udc0f\ud835\udc12\ud835\udc01 \ud835\udc1e \ud835\udc03\ud835\udc22\ud835\udc25\ud835\udc2c\ud835\udc28\ud835\udc27 \ud835\udc19\ud835\udc22\ud835\udc26\ud835\udc26\ud835\udc1e\ud835\udc2b\ud835\udc26\ud835\udc1a\ud835\udc27\ud835\udc27 - \ud835\udc0f\ud835\udc0e\ud835\udc03\ud835\udc04\ud835\udc0c\ud835\udc0e\ud835\udc12 reuniram-se com a Diretoria do \ud835\udc06\ud835\udc04\ud835\udc0c\ud835\udc0f \u2013 \ud835\udc06\ud835\udc11\ud835\udc14\ud835\udc0f\ud835\udc0e \ud835\udc04\u0301\ud835\udc13\ud835\udc0d\ud835\udc08\ud835\udc02\ud835\udc0e \ud835\udc0c\ud835\udc00\ud835\udc03\ud835\udc11\ud835\udc04 \ud835\udc0f\ud835\udc00\ud835\udc14\ud835\udc0b\ud835\udc08\ud835\udc0d\ud835\udc00 - \ud835\udc04\ud835\udc12\ud835\udc02\ud835\udc0e\ud835\udc0b\ud835\udc00 \ud835\udc04 \ud835\udc02\ud835\udc08\ud835\udc00. \ud835\udc03\ud835\udc04 \ud835\udc03\ud835\udc00\ud835\udc0d\ud835\udc02\u0327\ud835\udc00.</div>\r\n<div class=\"cxmmr5t8 oygrvhab hcukyx3x c1et5uql o9v6fnle ii04i59q\">\r\n<div dir=\"auto\">Nessa importante reuni\u00e3o a Dire\u00e7\u00e3o do GEMP exp\u00f4s o problema que a Escola e Cia de Dan\u00e7a passa com a falta de local adequado e pr\u00f3prio para o Grupo realizar seus ensaios, programa\u00e7\u00f5es, reuni\u00f5es e principalmente guardar, em local espec\u00edfico e adequado todos os figurinos usados pelos alunos e dan\u00e7arinos. Esse ano, inclusive, o GEMP j\u00e1 est\u00e1 fazendo um novo figurino para seus dan\u00e7arinos.</div>\r\n</div>\r\n<div class=\"cxmmr5t8 oygrvhab hcukyx3x c1et5uql o9v6fnle ii04i59q\">\r\n<div dir=\"auto\">O GEMP \u2013 GRUPO \u00c9TNICO MADRE PAULINA - ESCOLA E CIA. DE DAN\u00c7A, completa, nesse ano de 2022, 28 anos de hist\u00f3rias, o mesmo, foi declarado patrim\u00f4nio cultural da cidade de Crissiumal, premiado em 2013 e 2015 pela Assembleia Legislativa do Rio Grande do Sul com o titulo de Melhor Grupo de Show do Estado, o GEMP j\u00e1 realizou 11 turn\u00eas internacionais em pa\u00edses da Europa, \u00c1sia, Am\u00e9rica do Norte e do Sul, apresentando-se em palcos da Argentina(2008), Bol\u00edvia(2008), Chile(2008), Eslov\u00e1quia(2009), Pol\u00f4nia(2009), Portugal(2010), Canad\u00e1(2011), Holanda (2011), Turquia(2012), Bulg\u00e1ria(2013), Maced\u00f4nia(2013), Rom\u00eania(2013), Hungria (2013), Fran\u00e7a(2014), B\u00e9lgica(2014), Luxemburgo(2014), Pol\u00f4nia(2015), Rep\u00fablica Checa (2015), \u00c1ustria(2017), B\u00e9lgica(2017), Cro\u00e1cia(2017), Holanda (2017) e Alemanha(2019). Durante a turn\u00ea de 2015, o GEMP foi acompanhado pela equipe da RBS TV, que produziu o document\u00e1rio \u201cGa\u00fachos na Pol\u00f4nia\u201d, apresentado nos programas Jornal do Almo\u00e7o, Campo e Lavoura e \u201cComo Ser\u00e1?\u201d.</div>\r\n</div>\r\n<div class=\"cxmmr5t8 oygrvhab hcukyx3x c1et5uql o9v6fnle ii04i59q\">\r\n<div dir=\"auto\">Aos vereadores presentes, a Diretoria explicou que todo o trabalho \u00e9 volunt\u00e1rio, feito por pais de alunos e ex-alunos de forma gratuita e que com a sua sede pr\u00f3pria o GEMP n\u00e3o necessitaria mais alugar pr\u00e9dios de particulares e o munic\u00edpio de Crissiumal estaria economizando no disp\u00eandio de valores destinados a auxiliar no pagamento dos alugu\u00e9is. Tamb\u00e9m, consolidada a sede pr\u00f3pria, o GEMP pode buscar recursos federais e parcerias para adequar o local as suas necessidades. A Diretoria exp\u00f4s que j\u00e1 esteve em contato com o Poder Executivo, o qual acenou com a possibilidade de ced\u00eancia tempor\u00e1ria de um pr\u00e9dio desocupado.</div>\r\n</div>\r\n<div class=\"cxmmr5t8 oygrvhab hcukyx3x c1et5uql o9v6fnle ii04i59q\">\r\n<div dir=\"auto\">Ao final os vereadores presentes colocaram-se a disposi\u00e7\u00e3o do GEMP e, como sempre ocorre, ir\u00e3o levar a demanda aos outros Vereadores afim de, juntos, Legislativo e Executivo, conseguirem alguma forma de concretizar definitivamente esse anseio dessa t\u00e3o importante entidade cultural de nosso munic\u00edpio.</div>\r\n<div dir=\"auto\"><img src=\"https://www.crissiumal.rs.leg.br/institucional/fotos/DSC_2765.JPG/@@images/0d1cbb79-80cc-43af-8585-c7e314d1eeb6.jpeg\" alt=\"Reuni\u00e3o GEMP\" class=\"image-inline\" title=\"Reuni\u00e3o GEMP\" /></div>\r\n</div>", "author_name": "", "version": "1.0", "author_url": "https://www.crissiumal.rs.leg.br/author/adm", "provider_name": "C\u00e2mara Municipal de Vereadores de Crissiumal / RS", "type": "rich"}