{"provider_url": "https://www.crissiumal.rs.leg.br", "title": "Abertura Semana Farroupilha", "html": "<p>Abertura Semana Farroupilha.</p>\r\n<p>A C\u00e2mara Municipal de Vereadores, representada pelo Vereador \ud835\udc15\ud835\udc1a\ud835\udc25\ud835\udc1e\u0301\ud835\udc2b\ud835\udc22\ud835\udc28 \ud835\udc11\ud835\udc2e\ud835\udc29\ud835\udc29\ud835\udc1e\ud835\udc27\ud835\udc2d\ud835\udc21\ud835\udc1a\ud835\udc25 (\ud835\udc0f\ud835\udc0e\ud835\udc03\ud835\udc04\ud835\udc0c\ud835\udc0e\ud835\udc12) participou da abertura da Semana Farroupilha no CTG Est\u00e2ncia da Saudade.</p>\r\n<p>Val\u00e9rio, em sua fala, agradeceu a todos os colegas vereadores que s\u00e3o apoiadores e incentivadores da nossa tradi\u00e7\u00e3o e destacou que essa Legislatura sempre estar\u00e1 em busca de recursos para apoiar a entidade CTG e as demais de nosso munic\u00edpio.</p>\r\n<p>Por fim, agradeceu a patronagem de todo o CTG Est\u00e2ncia da Saudade que sempre mantem acessa a chama do nosso tradicionalismo.</p>\r\n<p>Nesse ano, em virtude da pandemia o publico foi reduzido, mas, os presentes, foram agraciados com uma linda apresenta\u00e7\u00e3o dos irm\u00e3os Jo\u00e3o e Maria, parab\u00e9ns a eles e a toda a Invernada Art\u00edstica do CTG.</p>\r\n<p>A programa\u00e7\u00e3o da Semana Farroupilha ser\u00e1 a seguinte:</p>\r\n<p><b>17/09 \u2013 19h00</b> \u2013 Sa\u00edda dos Cavalarianos do CTG Est\u00e2ncia da Saudade e \u00e0s 19h30min Reacendimento da Chama Crioula no t\u00famulo do tradicionalista Ari Soares da Silva, o Chicuta, falecido em 2013.</p>\r\n<p><b>18/09 \u2013</b> Almo\u00e7o para retirar (card\u00e1pio: comida de panela).</p>\r\n<p><b>\u00a0 \u00a0 \u00a0 \u00a0 \u00a0 \u00a0 19h00</b> - Missa Crioula.</p>\r\n<p><b>20/09</b> \u2013 Encerramento com cavalgada. Sa\u00edda do CTG as 17h00min.</p>", "author_name": "Interlegis", "version": "1.0", "author_url": "https://www.crissiumal.rs.leg.br/author/Interlegis", "provider_name": "C\u00e2mara Municipal de Vereadores de Crissiumal / RS", "type": "rich"}