{"provider_url": "https://www.crissiumal.rs.leg.br", "title": "TRANSPAR\u00caNCIA DOS ATOS", "html": "<p><span data-offset-key=\"2l1gc-0-0\">TRANSPAR\u00caNCIA DOS ATOS</span></p>\r\n<p style=\"text-align: justify; \"><span data-offset-key=\"2l1gc-0-0\"> Como \u00e9 p\u00fablico e not\u00f3rio, em raz\u00e3o da solicita\u00e7\u00e3o do antigo espa\u00e7o ocupado pela C\u00e2mara no pr\u00e9dio da Prefeitura Municipal, em setembro de 2021, e pelo entendimento da maioria absoluta dos Vereadores e dos servidores de que um espa\u00e7o pr\u00f3prio viria ao encontro dos princ\u00edpios constitucionais da independ\u00eancia e separa\u00e7\u00e3o de poderes, foi aberto o competente processo administrativo para a loca\u00e7\u00e3o do novo espa\u00e7o, que redundou na loca\u00e7\u00e3o da sala comercial localizada na Rua Guarita, 425, esquina com a rua XV de Novembro, no centro da cidade.</span></p>\r\n<p style=\"text-align: justify; \"><span data-offset-key=\"2l1gc-0-0\"> Para a instala\u00e7\u00e3o da sede da C\u00e2mara no novo espa\u00e7o foram necess\u00e1rias diversas obras e aquisi\u00e7\u00f5es, tudo para que o espa\u00e7o cumprisse de forma eficiente para o desempenho dos servi\u00e7os da C\u00e2mara como um todo.</span></p>\r\n<p style=\"text-align: justify; \"><span data-offset-key=\"2l1gc-0-0\">Neste \u00ednterim, \u00e9 de suma import\u00e2ncia que seja dado conhecimento p\u00fablico que a organiza\u00e7\u00e3o do espa\u00e7o e a execu\u00e7\u00e3o das obras e aquisi\u00e7\u00e3o de bens necess\u00e1rios ocasionou um investimento de R$ 99.023,98 (noventa e nove mil, vinte e tr\u00eas reais e noventa e oito centavos), considerados nesse valor todos os custos que v\u00e3o desde o projeto arquitet\u00f4nico de interior, frete, carga, descarga, montagens de m\u00f3veis, limpeza do local, c\u00f3pias de chaves, m\u00f3veis dos gabinetes dos Vereadores e da cozinha, instala\u00e7\u00e3o de divis\u00f3rias em eucatex com vidros, portas e parede de gesso, cortinas e pel\u00edculas nas vitrines, adapta\u00e7\u00e3o da rede el\u00e9trica, hidr\u00e1ulica, de telefonia e internet com materiais e equipamentos, entre outros.</span></p>\r\n<p style=\"text-align: justify; \"><span data-offset-key=\"2l1gc-0-0\"> Todas essas informa\u00e7\u00f5es podem ser acessadas no site </span><span class=\"py34i1dx\"><a class=\"external-link\" href=\"https://crissiumal.rs.leg.br\" target=\"_self\" title=\"\">www.crissiumal.rs.leg.br</a></span><span data-offset-key=\"2l1gc-2-0\">\u00a0clicando na guia lateral direita, no \u00edcone \u201cPortal da Transpar\u00eancia\u201d (</span><span class=\"py34i1dx\"><a class=\"external-link\" href=\"https://crissiumal-portais.govcloud.com.br/pronimtb_cm/\" target=\"_self\" title=\"\">https://crissiumal-portais.govcloud.com.br/pronimtb_cm/</a></span><span data-offset-key=\"2l1gc-4-0\"> )</span></p>\r\n<div class=\"ihqw7lf3 discj3wi l9j0dhe7\">\r\n<div class=\"dhix69tm oygrvhab wkznzc2l kvgmc6g5\">\r\n<div class=\"ue3kfks5 pw54ja7n uo3d90p7 l82x9zwi ni8dbmo4 stjgntxs ecm0bbzt ph5uu5jm b3onmgus ihqw7lf3 i94ygzvd\">\r\n<div class=\"rq0escxv l9j0dhe7 du4w35lb j83agx80 pfnyh3mw i1fnvgqd bp9cbjyn owycx6da btwxx1t3 d1544ag0 tw6a2znq discj3wi b5q2rw42 lq239pai mysgfdmx hddg9phg\">\r\n<div class=\"rq0escxv l9j0dhe7 du4w35lb j83agx80 cbu4d94t pfnyh3mw d2edcug0 hpfvmrgz nqmvxvec p8fzw8mz pcp91wgn iuny7tx3 ipjc6fyt\">\r\n<div class=\"muag1w35\"><i class=\"hu5pjgll m6k467ps\" data-visualcompletion=\"css-img\"></i></div>\r\n</div>\r\n</div>\r\n</div>\r\n</div>\r\n</div>", "author_name": "", "version": "1.0", "author_url": "https://www.crissiumal.rs.leg.br/author/adm", "provider_name": "C\u00e2mara Municipal de Vereadores de Crissiumal / RS", "type": "rich"}