{"provider_url": "https://www.crissiumal.rs.leg.br", "title": "VIAGEM A PORTO ALEGRE - VEREADOR MIRIM", "html": "<div class=\"xdj266r x11i5rnm xat24cr x1mh8g0r x1vvkbs x126k92a\">\r\n<div dir=\"auto\" style=\"text-align: justify; \">Os Vereadores Mirins da Legislatura 2022 e Legislatura 2020, acompanhados por professores e servidores da C\u00e2mara Municipal, visitaram Porto Alegre, para uma viagem de estudos por locais importantes de nosso Estado.</div>\r\n</div>\r\n<div class=\"x11i5rnm xat24cr x1mh8g0r x1vvkbs xtlvy1s x126k92a\">\r\n<div dir=\"auto\" style=\"text-align: justify; \">A agenda oficial dos vereadores mirins foi composta por visitas \u00e0 Assembleia Legislativa do Rio Grande do Sul, ao Tribunal de Contas do Estado e ao Pal\u00e1cio Piratini, Sede do Governo Estadual.</div>\r\n</div>\r\n<div class=\"x11i5rnm xat24cr x1mh8g0r x1vvkbs xtlvy1s x126k92a\">\r\n<div dir=\"auto\" style=\"text-align: justify; \">Na <span><a tabindex=\"-1\"></a></span>Assembleia Legislativa, o grupo ocupou as cadeiras dos deputados no Plen\u00e1rio 20 de Setembro, aprendeu o funcionamento do local e como as decis\u00f5es s\u00e3o transformadas em leis. No Sal\u00e3o J\u00falio de Castilhos, soube um pouco da hist\u00f3ria do hist\u00f3rico personagem e ex-governador que d\u00e1 nome \u00e0 sala.</div>\r\n</div>\r\n<div class=\"x11i5rnm xat24cr x1mh8g0r x1vvkbs xtlvy1s x126k92a\">\r\n<div dir=\"auto\" style=\"text-align: justify; \">No Tribunal de Contas do Estado os mesmos foram recepcionados no Plen\u00e1rio Gaspar Silveira Martins pelo auditor p\u00fablico externo Carlos Eduardo dos Santos Fleck que apresentou aos vereadores mirins \u00e0s fun\u00e7\u00f5es do TCE/RS. De acordo com o auditor, a visita dos Vereadores Mirins \u00e9 muito importante para que \u201co Tribunal consiga mostrar a sua atua\u00e7\u00e3o e que eles vejam tudo o que o TCE pode fazer\u201d. Por fim, a Escola de Gest\u00e3o do TCE-RS promoveu uma visita guiada \u00e0 Casa dos Contos, exposi\u00e7\u00e3o permanente que narra a hist\u00f3ria dos Tribunais de Contas.</div>\r\n</div>\r\n<div class=\"x11i5rnm xat24cr x1mh8g0r x1vvkbs xtlvy1s x126k92a\" style=\"text-align: justify; \">\r\n<div dir=\"auto\">No Pal\u00e1cio Piratini, o guia do Pal\u00e1cio relatou a hist\u00f3ria do mesmo desde o in\u00edcio em 1894, todas as importantes mudan\u00e7as, hist\u00f3rias e fases at\u00e9 os dias atuais.</div>\r\n</div>\r\n<div class=\"x11i5rnm xat24cr x1mh8g0r x1vvkbs xtlvy1s x126k92a\">\r\n<div dir=\"auto\" style=\"text-align: justify; \">Os alunos que acompanham essa viagem da Legislatura 2022 s\u00e3o os seguintes: \ud835\udc00\ud835\udc0b\ud835\udc00\ud835\udc0d\ud835\udc00 \ud835\udc01\ud835\udc14\ud835\udc07\ud835\udc0b \ud835\udc06\ud835\udc11\ud835\udc0e\ud835\udc13\ud835\udc07 \u2013 Escola Estadual de Ensino Fundamental Tuiuti \u2013 Vista Nova, \ud835\udc00\ud835\udc0d\ud835\udc03\ud835\udc11\ud835\udc04\ud835\udc12\ud835\udc12\ud835\udc00 \ud835\udc13\ud835\udc00\ud835\udc08\ud835\udc0d\ud835\udc00 \ud835\udc01\ud835\udc04\ud835\udc08\ud835\udc04\ud835\udc11 \ud835\udc0c\ud835\udc00\ud835\udc11\ud835\udc13\ud835\udc08\ud835\udc0d\ud835\udc12 \u2013 Escola Estadual de Ensino Fundamental Egon Trentini \u2013 Esquina Uruguai, \ud835\udc01\ud835\udc11\ud835\udc14\ud835\udc0d\ud835\udc00 \ud835\udc13\ud835\udc07\ud835\udc00\ud835\udc08\u0301\ud835\udc12 \ud835\udc05\ud835\udc0e\ud835\udc0d\ud835\udc13\ud835\udc0e\ud835\udc14\ud835\udc11\ud835\udc00 \ud835\udc12\ud835\udc02\ud835\udc07\ud835\udc0c\ud835\udc08\ud835\udc03\ud835\udc13 \u2013 Escola Municipal de Ensino Fundamental C\u00edvico Militar Benno Bender, \ud835\udc03\ud835\udc00\ud835\udc0d\ud835\udc08\ud835\udc04\ud835\udc0b \ud835\udc05\ud835\udc04\ud835\udc0b\ud835\udc08\ud835\udc0f\ud835\udc04 \ud835\udc01\ud835\udc00\ud835\udc08\ud835\udc04\ud835\udc11 \u2013 Escola Municipal de Ensino Fundamental Riachuelo \u2013 Planalto, \ud835\udc04\ud835\udc11\ud835\udc08\ud835\udc02 \ud835\udc15\ud835\udc04\ud835\udc0d\ud835\udc08\ud835\udc02\ud835\udc08\ud835\udc0e\ud835\udc12 \ud835\udc03\ud835\udc04\ud835\udc12\ud835\udc12\ud835\udc0e\ud835\udc18 \ud835\udc03\ud835\udc04 \ud835\udc00\ud835\udc0b\ud835\udc15\ud835\udc04\ud835\udc12 \u2013 Escola Estadual de Ensino Fundamental Alcido Brust \u2013 Bairro Paraiso, \ud835\udc09\ud835\udc14\ud835\udc00\u0303\ud835\udc0e \ud835\udc15\ud835\udc08\ud835\udc13\ud835\udc0e\ud835\udc11 \ud835\udc03\ud835\udc00 \ud835\udc12\ud835\udc08\ud835\udc0b\ud835\udc15\ud835\udc00 \ud835\udc03\ud835\udc04 \ud835\udc0b\ud835\udc08\ud835\udc0c\ud835\udc00 \u2013 Escola Estadual de Ensino Fundamental Uruguai \u2013 Esquina Gaucha, \ud835\udc0c\ud835\udc00\ud835\udc11\ud835\udc08\ud835\udc00 \ud835\udc02\ud835\udc0b\ud835\udc00\ud835\udc11\ud835\udc00 \ud835\udc0f\ud835\udc14\ud835\udc13\ud835\udc19\ud835\udc0a\ud835\udc04 \ud835\udc05\ud835\udc0e\ud835\udc0d\ud835\udc13\ud835\udc0e\ud835\udc14\ud835\udc11\ud835\udc00 \u2013 Escola Estadual de Ensino M\u00e9dio Ponche Verde, \ud835\udc0c\ud835\udc00\ud835\udc13\ud835\udc07\ud835\udc04\ud835\udc14\ud835\udc12 \ud835\udc12\ud835\udc02\ud835\udc07\ud835\udc0c\ud835\udc08\ud835\udc03\ud835\udc13 \ud835\udc14\ud835\udc13\ud835\udc19\ud835\udc08\ud835\udc06 \u2013 Escola Estadual de Ensino Fundamental \u00c9rico Ver\u00edssimo \u2013 Linha Brasil, \ud835\udc0c\ud835\udc08\ud835\udc0b\ud835\udc04\ud835\udc0d\ud835\udc00 \ud835\udc0a\ud835\udc00\ud835\udc12\ud835\udc02\ud835\udc07\ud835\udc00\ud835\udc02\ud835\udc0a \ud835\udc16\ud835\udc00\ud835\udc07\ud835\udc0b\ud835\udc01\ud835\udc11\ud835\udc08\ud835\udc0d\ud835\udc0a \u2013 Escola Estadual de Ensino Fundamental La Salle \u2013 Vila Bender, \ud835\udc0d\ud835\udc00\ud835\udc13\ud835\udc00\ud835\udc0b\ud835\udc08\ud835\udc00 \ud835\udc05\ud835\udc04\ud835\udc11\ud835\udc0d\ud835\udc00\ud835\udc0d\ud835\udc03\ud835\udc00 \ud835\udc03\ud835\udc14\ud835\udc0b\ud835\udc0b\ud835\udc08\ud835\udc14\ud835\udc12 \ud835\udc0f\ud835\udc11\ud835\udc04\ud835\udc03\ud835\udc08\ud835\udc06\ud835\udc04\ud835\udc11 \u2013 Escola Municipal de Ensino Fundamental Rotermund.</div>\r\n</div>\r\n<div class=\"x11i5rnm xat24cr x1mh8g0r x1vvkbs xtlvy1s x126k92a\">\r\n<div dir=\"auto\" style=\"text-align: justify; \">Os Vereadores Mirins da Legislatura 2020 s\u00e3o os seguintes: \ud835\udc00\ud835\udc0b\ud835\udc00\ud835\udc0d\ud835\udc00 \ud835\udc0b\ud835\udc14\ud835\udc08\u0301\ud835\udc12\ud835\udc00 \ud835\udc00\ud835\udc0f\ud835\udc0f\ud835\udc04\ud835\udc0b \ud835\udc12\ud835\udc02\ud835\udc07\ud835\udc16\ud835\udc00\ud835\udc0d\ud835\udc13\ud835\udc04\ud835\udc12, \ud835\udc00\ud835\udc0d\ud835\udc03\ud835\udc11\ud835\udc08\ud835\udc04\ud835\udc0b\ud835\udc08 \ud835\udc0b\ud835\udc00\ud835\udc08\ud835\udc19 \ud835\udc02\ud835\udc07\ud835\udc00\ud835\udc15\ud835\udc04\ud835\udc12 \ud835\udc12\ud835\udc04\ud835\udc0d\ud835\udc07\ud835\udc04\ud835\udc0c, \ud835\udc01\ud835\udc08\ud835\udc00\ud835\udc0d\ud835\udc02\ud835\udc00 \ud835\udc0d\ud835\udc00\ud835\udc13\ud835\udc00\u0301\ud835\udc0b\ud835\udc08\ud835\udc00 \ud835\udc03\ud835\udc04 \ud835\udc0e\ud835\udc0b\ud835\udc08\ud835\udc15\ud835\udc04\ud835\udc08\ud835\udc11\ud835\udc00 \ud835\udc06\ud835\udc14\u0308\ud835\udc0d\ud835\udc13\ud835\udc19\ud835\udc04\ud835\udc0b, \ud835\udc04\ud835\udc03\ud835\udc14\ud835\udc00\ud835\udc11\ud835\udc03\ud835\udc0e \ud835\udc07\ud835\udc04\ud835\udc0d\ud835\udc11\ud835\udc08\ud835\udc10\ud835\udc14\ud835\udc04 \ud835\udc12\ud835\udc02\ud835\udc07\ud835\udc0c\ud835\udc08\ud835\udc13\ud835\udc19 \ud835\udc19\ud835\udc08\ud835\udc04\ud835\udc01\ud835\udc04\ud835\udc0b, \ud835\udc04\ud835\udc03\ud835\udc12\ud835\udc0e\ud835\udc0d \ud835\udc0b\ud835\udc14\ud835\udc08\ud835\udc12 \ud835\udc0f\ud835\udc0b\ud835\udc04\ud835\udc13\ud835\udc12\ud835\udc02\ud835\udc07 \ud835\udc11\ud835\udc0e\ud835\udc03\ud835\udc11\ud835\udc08\ud835\udc06\ud835\udc14\ud835\udc04\ud835\udc12 \ud835\udc03\ud835\udc00 \ud835\udc12\ud835\udc08\ud835\udc0b\ud835\udc15\ud835\udc04\ud835\udc08\ud835\udc11\ud835\udc00, \ud835\udc06\ud835\udc00\ud835\udc01\ud835\udc11\ud835\udc08\ud835\udc04\ud835\udc0b\ud835\udc00 \ud835\udc12\ud835\udc13\ud835\udc04\ud835\udc15\ud835\udc04\ud835\udc0d\ud835\udc12 \ud835\udc03\ud835\udc04 \ud835\udc10\ud835\udc14\ud835\udc00\ud835\udc03\ud835\udc11\ud835\udc0e\ud835\udc12, \ud835\udc0b\ud835\udc04\ud835\udc13\ud835\udc08\u0301\ud835\udc02\ud835\udc08\ud835\udc00 \ud835\udc02\ud835\udc00\ud835\udc0d\ud835\udc04\ud835\udc0f\ud835\udc0f\ud835\udc04\ud835\udc0b\ud835\udc0b\ud835\udc04 \ud835\udc03\ud835\udc04 \ud835\udc0b\ud835\udc08\ud835\udc0c\ud835\udc00 \ud835\udc1e \ud835\udc15\ud835\udc08\ud835\udc0d\ud835\udc08\u0301\ud835\udc02\ud835\udc08\ud835\udc14\ud835\udc12 \ud835\udc00\ud835\udc0d\ud835\udc03\ud835\udc11\ud835\udc04\u0301 \ud835\udc01\ud835\udc08\ud835\udc00\ud835\udc12\ud835\udc08\ud835\udc01\ud835\udc04\ud835\udc13\ud835\udc13\ud835\udc08.</div>\r\n</div>\r\n<div dir=\"auto\" style=\"text-align: justify; \"></div>\r\n<div dir=\"auto\" style=\"text-align: justify; \">GALERIA DE FOTOS - CLIQUE ABAIXO</div>\r\n<div dir=\"auto\" style=\"text-align: justify; \"><a class=\"external-link\" href=\"https://www.crissiumal.rs.leg.br/institucional/fotos/viagem-vereador-mirim\" target=\"_self\" title=\"\">https://www.crissiumal.rs.leg.br/institucional/fotos/viagem-vereador-mirim</a>\u00a0</div>", "author_name": "", "version": "1.0", "author_url": "https://www.crissiumal.rs.leg.br/author/adm", "provider_name": "C\u00e2mara Municipal de Vereadores de Crissiumal / RS", "type": "rich"}