{"provider_url": "https://www.crissiumal.rs.leg.br", "title": "VIAGEM VEREADOR MIRIM", "html": "<p>VIAGEM VEREADOR MIRIM</p>\r\n<p style=\"text-align: justify; \">Os Vereadores Mirins da Legislatura 2022 juntamente com os Vereadores Mirins da Legislatura de 2020, realizam viagem de estudos \u00e0 Capital do Estado.</p>\r\n<p style=\"text-align: justify; \">A viagem de estudos ter\u00e1 como destino Porto Alegre onde l\u00e1 estar\u00e3o conhecendo a Assembleia Legislativa, o Tribunal de Contas do Estado, o Pal\u00e1cio Piratini, as Secretarias de Estado e, caso o hor\u00e1rio permitir poder\u00e3o fazer uma visita a Feira do Livro de Porto Alegre.</p>\r\n<p style=\"text-align: justify; \">A viagem tem sa\u00edda prevista para o dia de hoje, 10/11 \u00e0s onze horas da noite e retorno de Porto Alegre com sa\u00edda prevista para as 18h de sexta-feira.</p>\r\n<p style=\"text-align: justify; \">Os Vereadores Mirins de 2020 v\u00e3o participar da viagem pois no per\u00edodo de sua legislatura o Projeto foi suspenso em virtude da pandemia do Covid 19.</p>\r\n<p style=\"text-align: justify; \">Os Vereadores Mirins ser\u00e3o acompanhados por professores respons\u00e1veis de cada Escola participante.</p>\r\n<p style=\"text-align: justify; \">A todos uma excelente a aben\u00e7oada viagem.</p>\r\n<p style=\"text-align: center; \"><img src=\"https://www.crissiumal.rs.leg.br/imagens/VereadorMirim2020.jpg/@@images/dd4c2c77-f0bc-44e4-aa46-d71ede5f1b76.jpeg\" alt=\"Vereador Mirim 2020\" class=\"image-inline\" title=\"Vereador Mirim 2020\" /></p>\r\n<p style=\"text-align: center; \"><img src=\"https://www.crissiumal.rs.leg.br/imagens/VereadoresMirins2022.jpg/@@images/b9281b3b-828a-4693-8021-12852f6f0d9f.jpeg\" alt=\"Vereador Mirim 2022\" class=\"image-inline\" title=\"Vereador Mirim 2022\" /></p>", "author_name": "", "version": "1.0", "author_url": "https://www.crissiumal.rs.leg.br/author/adm", "provider_name": "C\u00e2mara Municipal de Vereadores de Crissiumal / RS", "type": "rich"}