{"provider_url": "https://www.crissiumal.rs.leg.br", "title": "VII Rodeio Crioulo - CTG Est\u00e2ncia da Saudade", "html": "<div dir=\"auto\" style=\"text-align: justify; \">No final da tarde da ultima sexta-feira, dia 19/11, a \ud835\udc15\ud835\udc1e\ud835\udc2b\ud835\udc1e\ud835\udc1a\ud835\udc1d\ud835\udc28\ud835\udc2b\ud835\udc1a \ud835\udc09\ud835\udc1a\ud835\udc27\ud835\udc22\ud835\udc1c\ud835\udc1e \ud835\udc01\ud835\udc1e\ud835\udc27\ud835\udc1a\ud835\udc2d\ud835\udc2d\ud835\udc22 (\ud835\udc0f\ud835\udc12\ud835\udc03) \ud835\udc0f\ud835\udc2b\ud835\udc1e\ud835\udc2c\ud835\udc22\ud835\udc1d\ud835\udc1e\ud835\udc27\ud835\udc2d\ud835\udc1e \ud835\udc1d\ud835\udc28 \ud835\udc0b\ud835\udc1e\ud835\udc20\ud835\udc22\ud835\udc2c\ud835\udc25\ud835\udc1a\ud835\udc2d\ud835\udc22\ud835\udc2f\ud835\udc28 \ud835\udc0c\ud835\udc2e\ud835\udc27\ud835\udc22\ud835\udc1c\ud835\udc22\ud835\udc29\ud835\udc1a\ud835\udc25 representando a C\u00e2mara Municipal de Vereadores participou da abertura do \ud835\udc15\ud835\udc08\ud835\udc08 \ud835\udc11\ud835\udc28\ud835\udc1d\ud835\udc1e\ud835\udc22\ud835\udc28 \ud835\udc02\ud835\udc2b\ud835\udc22\ud835\udc28\ud835\udc2e\ud835\udc25\ud835\udc28 \ud835\udc1d\ud835\udc28 \ud835\udc02\ud835\udc13\ud835\udc06 \ud835\udc04\ud835\udc2c\ud835\udc2d\ud835\udc1a\u0302\ud835\udc27\ud835\udc1c\ud835\udc22\ud835\udc1a \ud835\udc1d\ud835\udc1a \ud835\udc12\ud835\udc1a\ud835\udc2e\ud835\udc1d\ud835\udc1a\ud835\udc1d\ud835\udc1e, \ud835\udc27\ud835\udc28 \ud835\udc0f\ud835\udc1a\ud835\udc2b\ud835\udc2a\ud835\udc2e\ud835\udc1e \ud835\udc1d\ud835\udc1e \ud835\udc11\ud835\udc28\ud835\udc1d\ud835\udc1e\ud835\udc22\ud835\udc28\ud835\udc2c \ud835\udc1d\ud835\udc1a \ud835\udc1e\ud835\udc27\ud835\udc2d\ud835\udc22\ud835\udc1d\ud835\udc1a\ud835\udc1d\ud835\udc1e.</div>\r\n<div dir=\"auto\" style=\"text-align: justify; \"></div>\r\n<div dir=\"auto\" style=\"text-align: justify; \">O Xir\u00fa das Falas, Gilberto Langner popular Manico, fez o discurso de abertura e na oportunidade agradeceu publicamente ao Poder Legislativo Municipal pelo apoio, sempre que solicitado, e pelo recurso destinado nesse ano que ser\u00e1 usado em grande parte para a nova entrada de energia el\u00e9trica do Parque de Rodeios.</div>\r\n<div dir=\"auto\" style=\"text-align: justify; \"></div>\r\n<div dir=\"auto\" style=\"text-align: justify; \">A Presidente do Legislativo agradeceu o convite, a receptividade e em nome de todos os Vereadores afirmou a inten\u00e7\u00e3o do Poder Legislativo continuar sendo um apoiador dessa importante entidade de nosso munic\u00edpio.</div>\r\n<div dir=\"auto\" style=\"text-align: justify; \"><img src=\"https://www.crissiumal.rs.leg.br/institucional/fotos/Foto1.JPG/@@images/29269176-fba7-418c-b0ee-879ca17b90c3.jpeg\" alt=\"CTG01\" class=\"image-inline\" title=\"CTG01\" /></div>", "author_name": "", "version": "1.0", "author_url": "https://www.crissiumal.rs.leg.br/author/adm", "provider_name": "C\u00e2mara Municipal de Vereadores de Crissiumal / RS", "type": "rich"}